{"id":52427,"date":"2026-09-04T20:07:22","date_gmt":"2026-09-05T00:07:22","guid":{"rendered":"https:\/\/prensapresidencialvenezuela.gob.ve\/?p=52427"},"modified":"2026-09-04T20:07:22","modified_gmt":"2026-09-05T00:07:22","slug":"venezuela-y-grupo-geopark-concretan-alianza-para-el-incremento-petrolero","status":"publish","type":"post","link":"https:\/\/prensapresidencialvenezuela.gob.ve\/index.php\/2026\/09\/04\/venezuela-y-grupo-geopark-concretan-alianza-para-el-incremento-petrolero\/","title":{"rendered":"Venezuela y Grupo GeoPark concretan alianza para el incremento petrolero"},"content":{"rendered":"\n<p class=\"wp-block-paragraph\"><strong>Caracas, Venezuela.- <\/strong>\u200bLa presidenta de la Rep\u00fablica Bolivariana de Venezuela, Delcy Rodr\u00edguez, suscribi\u00f3 un acuerdo estrat\u00e9gico con el grupo empresarial GeoPark y el Grupo Gilinski para impulsar la producci\u00f3n petrolera e impulsar la integraci\u00f3n econ\u00f3mica con Colombia.<\/p>\n\n\n\n<p class=\"wp-block-paragraph\">\u200b\u00abMe alegra mucho que este acuerdo y otras inversiones que el grupo est\u00e1 haciendo en el pa\u00eds se sumen para abonar la buena cooperaci\u00f3n entre pa\u00edses hermanos como Venezuela y Colombia\u00bb, afirm\u00f3 la Presidenta tras la firma.<\/p>\n\n\n\n<p class=\"wp-block-paragraph\">\u200bLa Jefa de Estado resalt\u00f3 el clima de estabilidad e institucionalidad que ofrece la naci\u00f3n para la captaci\u00f3n de inversiones extranjeras directas en el sector de los hidrocarburos. \u00abEl inter\u00e9s demostrado a invertir en Venezuela por parte de un grupo tan serio como el que pertenece al se\u00f1or Jaime es una gran muestra de la confianza que existe en el pa\u00eds, en las leyes del pa\u00eds, en los reglamentos del pa\u00eds\u00bb.<\/p>\n\n\n\n<p class=\"wp-block-paragraph\">\u200bLa hoja de ruta energ\u00e9tica nacional contempla que el crecimiento operativo impacte directamente en el fortalecimiento social de la poblaci\u00f3n, \u00abque cada barril se traduzca en bienestar, en escuelas, en salud, en alimentaci\u00f3n, en salario, en la felicidad del pueblo\u00bb destac\u00f3 la Presidenta.<\/p>\n\n\n\n<p class=\"wp-block-paragraph\"><strong>Prensa Presidencial \/ Kaylib Maita<\/strong><\/p>\n","protected":false},"excerpt":{"rendered":"<p>Caracas, Venezuela.- \u200bLa presidenta de la Rep\u00fablica Bolivariana de Venezuela, Delcy Rodr\u00edguez, suscribi\u00f3 un acuerdo estrat\u00e9gico con el grupo empresarial GeoPark y el Grupo Gilinski para impulsar la producci\u00f3n petrolera e impulsar la integraci\u00f3n econ\u00f3mica con Colombia. \u200b\u00abMe alegra mucho que este acuerdo y otras inversiones que el grupo est\u00e1 haciendo en el pa\u00eds se [&hellip;]<\/p>\n","protected":false},"author":21,"featured_media":52428,"comment_status":"open","ping_status":"open","sticky":false,"template":"","format":"standard","meta":{"footnotes":""},"categories":[18,7],"tags":[],"class_list":["post-52427","post","type-post","status-publish","format-standard","has-post-thumbnail","hentry","category-noticias-principales","category-notas-de-prensa"],"_links":{"self":[{"href":"https:\/\/prensapresidencialvenezuela.gob.ve\/index.php\/wp-json\/wp\/v2\/posts\/52427","targetHints":{"allow":["GET"]}}],"collection":[{"href":"https:\/\/prensapresidencialvenezuela.gob.ve\/index.php\/wp-json\/wp\/v2\/posts"}],"about":[{"href":"https:\/\/prensapresidencialvenezuela.gob.ve\/index.php\/wp-json\/wp\/v2\/types\/post"}],"author":[{"embeddable":true,"href":"https:\/\/prensapresidencialvenezuela.gob.ve\/index.php\/wp-json\/wp\/v2\/users\/21"}],"replies":[{"embeddable":true,"href":"https:\/\/prensapresidencialvenezuela.gob.ve\/index.php\/wp-json\/wp\/v2\/comments?post=52427"}],"version-history":[{"count":1,"href":"https:\/\/prensapresidencialvenezuela.gob.ve\/index.php\/wp-json\/wp\/v2\/posts\/52427\/revisions"}],"predecessor-version":[{"id":52429,"href":"https:\/\/prensapresidencialvenezuela.gob.ve\/index.php\/wp-json\/wp\/v2\/posts\/52427\/revisions\/52429"}],"wp:featuredmedia":[{"embeddable":true,"href":"https:\/\/prensapresidencialvenezuela.gob.ve\/index.php\/wp-json\/wp\/v2\/media\/52428"}],"wp:attachment":[{"href":"https:\/\/prensapresidencialvenezuela.gob.ve\/index.php\/wp-json\/wp\/v2\/media?parent=52427"}],"wp:term":[{"taxonomy":"category","embeddable":true,"href":"https:\/\/prensapresidencialvenezuela.gob.ve\/index.php\/wp-json\/wp\/v2\/categories?post=52427"},{"taxonomy":"post_tag","embeddable":true,"href":"https:\/\/prensapresidencialvenezuela.gob.ve\/index.php\/wp-json\/wp\/v2\/tags?post=52427"}],"curies":[{"name":"wp","href":"https:\/\/api.w.org\/{rel}","templated":true}]}}