{"id":52431,"date":"2026-09-04T20:14:01","date_gmt":"2026-09-05T00:14:01","guid":{"rendered":"https:\/\/prensapresidencialvenezuela.gob.ve\/?p=52431"},"modified":"2026-09-04T20:14:01","modified_gmt":"2026-09-05T00:14:01","slug":"venezuela-y-colombia-fortalecen-cooperacion-energetica-con-la-firma-del-bloque-bare","status":"publish","type":"post","link":"https:\/\/prensapresidencialvenezuela.gob.ve\/index.php\/2026\/09\/04\/venezuela-y-colombia-fortalecen-cooperacion-energetica-con-la-firma-del-bloque-bare\/","title":{"rendered":"Venezuela y Colombia fortalecen cooperaci\u00f3n energ\u00e9tica con la firma del Bloque Bar\u00e9"},"content":{"rendered":"\n<p class=\"wp-block-paragraph\">Caracas, Venezuela.- En un paso significativo hacia la consolidaci\u00f3n de la soberan\u00eda econ\u00f3mica y la integraci\u00f3n regional, la presidenta de la Rep\u00fablica Bolivariana de Venezuela, Delcy Rodr\u00edguez, encabez\u00f3 la firma del Contrato de Participaci\u00f3n Productiva para la ejecuci\u00f3n de actividades primarias en el Bloque Bar\u00e9.<\/p>\n\n\n\n<p class=\"wp-block-paragraph\">Este acuerdo, <strong>suscrito entre Petr\u00f3leos de Venezuela (PDVSA) y la empresa petrolera colombiana Geopark, fortalece la colaboraci\u00f3n binacional,<\/strong> orientando los esfuerzos hacia el incremento de la producci\u00f3n de hidrocarburos bajo un esquema de beneficio mutuo y desarrollo estrat\u00e9gico para ambas naciones.<\/p>\n\n\n\n<p class=\"wp-block-paragraph\"><strong>Felicidad social del pueblo<\/strong><\/p>\n\n\n\n<blockquote class=\"wp-block-quote is-layout-flow wp-block-quote-is-layout-flow\">\n<p class=\"wp-block-paragraph\">Durante el acto, la Jefa de Estado inform\u00f3 que el objetivo central de este proyecto va m\u00e1s all\u00e1 de las cifras de extracci\u00f3n, \u00abque cada barril se traduzca en bienestar, en escuelas, en salud, en alimentaci\u00f3n, en salario, en la felicidad del pueblo\u00bb, dijo.<\/p>\n<\/blockquote>\n\n\n\n<p class=\"wp-block-paragraph\">Enfoc\u00e1ndose en el impacto directo que estos recursos deben tener en la vida de los ciudadanos, la Mandataria Nacional evoc\u00f3 a El Libertador: \u00abBol\u00edvar habl\u00f3 en su discurso de Angostura de la felicidad social. Bueno, la felicidad social es que nosotros tomemos esta producci\u00f3n que la vamos a incrementar con todos estos acuerdos que hemos suscrito\u00bb, se\u00f1al\u00f3 Rodr\u00edguez, destacando la visi\u00f3n humanista que gu\u00eda esta nueva etapa de inversiones.<\/p>\n\n\n\n<p class=\"wp-block-paragraph\"><strong>Prensa Presidencial\/ Claudia Guerra M\u00e9ndez<\/strong><\/p>\n","protected":false},"excerpt":{"rendered":"<p>Caracas, Venezuela.- En un paso significativo hacia la consolidaci\u00f3n de la soberan\u00eda econ\u00f3mica y la integraci\u00f3n regional, la presidenta de la Rep\u00fablica Bolivariana de Venezuela, Delcy Rodr\u00edguez, encabez\u00f3 la firma del Contrato de Participaci\u00f3n Productiva para la ejecuci\u00f3n de actividades primarias en el Bloque Bar\u00e9. Este acuerdo, suscrito entre Petr\u00f3leos de Venezuela (PDVSA) y la [&hellip;]<\/p>\n","protected":false},"author":18,"featured_media":52435,"comment_status":"open","ping_status":"open","sticky":false,"template":"","format":"standard","meta":{"footnotes":""},"categories":[18,7],"tags":[40,122,21,455,20],"class_list":["post-52431","post","type-post","status-publish","format-standard","has-post-thumbnail","hentry","category-noticias-principales","category-notas-de-prensa","tag-colombia","tag-delcy-rodriguez","tag-economia-venezolana","tag-pdvsa","tag-venezuela"],"_links":{"self":[{"href":"https:\/\/prensapresidencialvenezuela.gob.ve\/index.php\/wp-json\/wp\/v2\/posts\/52431","targetHints":{"allow":["GET"]}}],"collection":[{"href":"https:\/\/prensapresidencialvenezuela.gob.ve\/index.php\/wp-json\/wp\/v2\/posts"}],"about":[{"href":"https:\/\/prensapresidencialvenezuela.gob.ve\/index.php\/wp-json\/wp\/v2\/types\/post"}],"author":[{"embeddable":true,"href":"https:\/\/prensapresidencialvenezuela.gob.ve\/index.php\/wp-json\/wp\/v2\/users\/18"}],"replies":[{"embeddable":true,"href":"https:\/\/prensapresidencialvenezuela.gob.ve\/index.php\/wp-json\/wp\/v2\/comments?post=52431"}],"version-history":[{"count":1,"href":"https:\/\/prensapresidencialvenezuela.gob.ve\/index.php\/wp-json\/wp\/v2\/posts\/52431\/revisions"}],"predecessor-version":[{"id":52432,"href":"https:\/\/prensapresidencialvenezuela.gob.ve\/index.php\/wp-json\/wp\/v2\/posts\/52431\/revisions\/52432"}],"wp:featuredmedia":[{"embeddable":true,"href":"https:\/\/prensapresidencialvenezuela.gob.ve\/index.php\/wp-json\/wp\/v2\/media\/52435"}],"wp:attachment":[{"href":"https:\/\/prensapresidencialvenezuela.gob.ve\/index.php\/wp-json\/wp\/v2\/media?parent=52431"}],"wp:term":[{"taxonomy":"category","embeddable":true,"href":"https:\/\/prensapresidencialvenezuela.gob.ve\/index.php\/wp-json\/wp\/v2\/categories?post=52431"},{"taxonomy":"post_tag","embeddable":true,"href":"https:\/\/prensapresidencialvenezuela.gob.ve\/index.php\/wp-json\/wp\/v2\/tags?post=52431"}],"curies":[{"name":"wp","href":"https:\/\/api.w.org\/{rel}","templated":true}]}}