{"id":52436,"date":"2026-09-04T20:24:56","date_gmt":"2026-09-05T00:24:56","guid":{"rendered":"https:\/\/prensapresidencialvenezuela.gob.ve\/?p=52436"},"modified":"2026-09-04T20:24:57","modified_gmt":"2026-09-05T00:24:57","slug":"jefa-de-estado-venezolana-celebra-la-alianza-petrolera-con-empresas-colombianas","status":"publish","type":"post","link":"https:\/\/prensapresidencialvenezuela.gob.ve\/index.php\/2026\/09\/04\/jefa-de-estado-venezolana-celebra-la-alianza-petrolera-con-empresas-colombianas\/","title":{"rendered":"Jefa de Estado venezolana celebra la alianza petrolera con empresas colombianas"},"content":{"rendered":"\n<p class=\"wp-block-paragraph\"><strong>Caracas, Venezuela.- <\/strong>La presidenta de la Rep\u00fablica Bolivariana de Venezuela, Delcy Rodr\u00edguez, durante la firma de un nuevo Contrato de Participaci\u00f3n Productiva en el sector de hidrocarburos, destac\u00f3 la importancia de este acercamiento binacional.<\/p>\n\n\n\n<blockquote class=\"wp-block-quote is-layout-flow wp-block-quote-is-layout-flow\">\n<p class=\"wp-block-paragraph\">En este contexto, Rodr\u00edguez expres\u00f3: \u00abMe emociona mucho que sea una empresa de Colombia quien se sume tambi\u00e9n a ese plan de recuperaci\u00f3n de nuestra industria petrolera para incremento de la producci\u00f3n en beneficio del pueblo\u00bb.<\/p>\n<\/blockquote>\n\n\n\n<p class=\"wp-block-paragraph\">Para Rodr\u00edguez, este acuerdo no solo representa un avance t\u00e9cnico en la exploraci\u00f3n y explotaci\u00f3n de recursos, sino que simboliza un puente renovado de confianza entre dos naciones hermanas.<\/p>\n\n\n\n<figure class=\"wp-block-image size-large\"><img fetchpriority=\"high\" decoding=\"async\" width=\"1024\" height=\"676\" src=\"https:\/\/prensapresidencialvenezuela.gob.ve\/wp-content\/uploads\/2026\/09\/JC_L1263-1024x676.jpg\" alt=\"\" class=\"wp-image-52437\" srcset=\"https:\/\/prensapresidencialvenezuela.gob.ve\/wp-content\/uploads\/2026\/09\/JC_L1263-1024x676.jpg 1024w, https:\/\/prensapresidencialvenezuela.gob.ve\/wp-content\/uploads\/2026\/09\/JC_L1263-300x198.jpg 300w, https:\/\/prensapresidencialvenezuela.gob.ve\/wp-content\/uploads\/2026\/09\/JC_L1263-768x507.jpg 768w, https:\/\/prensapresidencialvenezuela.gob.ve\/wp-content\/uploads\/2026\/09\/JC_L1263-1536x1013.jpg 1536w, https:\/\/prensapresidencialvenezuela.gob.ve\/wp-content\/uploads\/2026\/09\/JC_L1263-2048x1351.jpg 2048w\" sizes=\"(max-width: 1024px) 100vw, 1024px\" \/><\/figure>\n\n\n\n<p class=\"wp-block-paragraph\">La colaboraci\u00f3n busca potenciar las capacidades instaladas en ambos pa\u00edses, permitiendo que la sinergia empresarial se convierta en un motor de crecimiento compartido que fortalezca la econom\u00eda regional y brinde estabilidad a los mercados energ\u00e9ticos fronterizos.<\/p>\n\n\n\n<p class=\"wp-block-paragraph\">Al finalizar la jornada, la Presidenta reiter\u00f3 su compromiso con la diplomacia de paz y la integraci\u00f3n econ\u00f3mica, haciendo un llamado a mantener el impulso de esta alianza estrat\u00e9gica. \u00abQue podamos seguir adelante por nuestros pa\u00edses sumando a la uni\u00f3n de Venezuela y Colombia\u00bb, sentenci\u00f3.<\/p>\n\n\n\n<p class=\"wp-block-paragraph\"><strong>Prensa Presidencial\/ Claudia Guerra M\u00e9ndez<\/strong><\/p>\n","protected":false},"excerpt":{"rendered":"<p>Caracas, Venezuela.- La presidenta de la Rep\u00fablica Bolivariana de Venezuela, Delcy Rodr\u00edguez, durante la firma de un nuevo Contrato de Participaci\u00f3n Productiva en el sector de hidrocarburos, destac\u00f3 la importancia de este acercamiento binacional. En este contexto, Rodr\u00edguez expres\u00f3: \u00abMe emociona mucho que sea una empresa de Colombia quien se sume tambi\u00e9n a ese plan [&hellip;]<\/p>\n","protected":false},"author":18,"featured_media":52434,"comment_status":"open","ping_status":"open","sticky":false,"template":"","format":"standard","meta":{"footnotes":""},"categories":[18,7],"tags":[40,122,21,455,20],"class_list":["post-52436","post","type-post","status-publish","format-standard","has-post-thumbnail","hentry","category-noticias-principales","category-notas-de-prensa","tag-colombia","tag-delcy-rodriguez","tag-economia-venezolana","tag-pdvsa","tag-venezuela"],"_links":{"self":[{"href":"https:\/\/prensapresidencialvenezuela.gob.ve\/index.php\/wp-json\/wp\/v2\/posts\/52436","targetHints":{"allow":["GET"]}}],"collection":[{"href":"https:\/\/prensapresidencialvenezuela.gob.ve\/index.php\/wp-json\/wp\/v2\/posts"}],"about":[{"href":"https:\/\/prensapresidencialvenezuela.gob.ve\/index.php\/wp-json\/wp\/v2\/types\/post"}],"author":[{"embeddable":true,"href":"https:\/\/prensapresidencialvenezuela.gob.ve\/index.php\/wp-json\/wp\/v2\/users\/18"}],"replies":[{"embeddable":true,"href":"https:\/\/prensapresidencialvenezuela.gob.ve\/index.php\/wp-json\/wp\/v2\/comments?post=52436"}],"version-history":[{"count":1,"href":"https:\/\/prensapresidencialvenezuela.gob.ve\/index.php\/wp-json\/wp\/v2\/posts\/52436\/revisions"}],"predecessor-version":[{"id":52438,"href":"https:\/\/prensapresidencialvenezuela.gob.ve\/index.php\/wp-json\/wp\/v2\/posts\/52436\/revisions\/52438"}],"wp:featuredmedia":[{"embeddable":true,"href":"https:\/\/prensapresidencialvenezuela.gob.ve\/index.php\/wp-json\/wp\/v2\/media\/52434"}],"wp:attachment":[{"href":"https:\/\/prensapresidencialvenezuela.gob.ve\/index.php\/wp-json\/wp\/v2\/media?parent=52436"}],"wp:term":[{"taxonomy":"category","embeddable":true,"href":"https:\/\/prensapresidencialvenezuela.gob.ve\/index.php\/wp-json\/wp\/v2\/categories?post=52436"},{"taxonomy":"post_tag","embeddable":true,"href":"https:\/\/prensapresidencialvenezuela.gob.ve\/index.php\/wp-json\/wp\/v2\/tags?post=52436"}],"curies":[{"name":"wp","href":"https:\/\/api.w.org\/{rel}","templated":true}]}}