{"id":52446,"date":"2026-09-04T20:44:28","date_gmt":"2026-09-05T00:44:28","guid":{"rendered":"https:\/\/prensapresidencialvenezuela.gob.ve\/?p=52446"},"modified":"2026-09-04T20:44:28","modified_gmt":"2026-09-05T00:44:28","slug":"nuevas-alianzas-energeticas-garantizaran-el-desarrollo-de-infraestructura-y-la-recuperacion-de-venezuela","status":"publish","type":"post","link":"https:\/\/prensapresidencialvenezuela.gob.ve\/index.php\/2026\/09\/04\/nuevas-alianzas-energeticas-garantizaran-el-desarrollo-de-infraestructura-y-la-recuperacion-de-venezuela\/","title":{"rendered":"Nuevas alianzas energ\u00e9ticas garantizar\u00e1n el desarrollo de infraestructura y la recuperaci\u00f3n de Venezuela"},"content":{"rendered":"\n<p class=\"wp-block-paragraph\"><strong>\u200bCaracas, Venezuela. \u2014<\/strong> La presidenta de la Rep\u00fablica Bolivariana de Venezuela, Delcy Rodr\u00edguez, subray\u00f3 que los contratos energ\u00e9ticos internacionales impulsar\u00e1n la modernizaci\u00f3n de servicios esenciales y vialidad para el pa\u00eds.<\/p>\n\n\n\n<blockquote class=\"wp-block-quote is-layout-flow wp-block-quote-is-layout-flow\">\n<p class=\"wp-block-paragraph\">\u00abTodos estos contratos en el futuro tambi\u00e9n le van a dejar al pa\u00eds infraestructura, donde hoy hay monte, autopista; donde hoy hay monte, servicio el\u00e9ctrico; donde hoy solo hay tierra, agua, infraestructura energ\u00e9tica. Ser\u00e1 de Venezuela, ser\u00e1 nuestro\u00bb.<\/p>\n<\/blockquote>\n\n\n\n<p class=\"wp-block-paragraph\">\u200bLa Jefa de Estado hizo un llamado a mantener la firmeza frente a las agresiones externas e internas, <strong><em>\u00abnada nos aparte del objetivo, ni los mezquinos, ni los malvados, ni los miserables\u00bb.<\/em><\/strong><\/p>\n\n\n\n<p class=\"wp-block-paragraph\">\u200bEn ese sentido, la Mandataria ratific\u00f3 el compromiso con la reconstrucci\u00f3n productiva de la naci\u00f3n,<strong><em> \u00abnosotros, con moral en alto y con alegr\u00eda de ver que hemos iniciado este largo camino por la recuperaci\u00f3n de Venezuela\u00bb.<\/em><\/strong><\/p>\n\n\n\n<p class=\"wp-block-paragraph\">\u200bFinalmente, reafirm\u00f3 la confianza en el futuro del pueblo venezolano.<strong><em> \u00abVamos a ver ese gran amanecer y lo vamos a ver juntos, abrazados\u00bb.<\/em><\/strong><\/p>\n\n\n\n<p class=\"wp-block-paragraph\"><strong>Prensa Presidencial \/ Kaylib Maita <\/strong><\/p>\n","protected":false},"excerpt":{"rendered":"<p>\u200bCaracas, Venezuela. \u2014 La presidenta de la Rep\u00fablica Bolivariana de Venezuela, Delcy Rodr\u00edguez, subray\u00f3 que los contratos energ\u00e9ticos internacionales impulsar\u00e1n la modernizaci\u00f3n de servicios esenciales y vialidad para el pa\u00eds. \u00abTodos estos contratos en el futuro tambi\u00e9n le van a dejar al pa\u00eds infraestructura, donde hoy hay monte, autopista; donde hoy hay monte, servicio el\u00e9ctrico; [&hellip;]<\/p>\n","protected":false},"author":21,"featured_media":52447,"comment_status":"open","ping_status":"open","sticky":false,"template":"","format":"standard","meta":{"footnotes":""},"categories":[18,7],"tags":[122,21,59,455,20],"class_list":["post-52446","post","type-post","status-publish","format-standard","has-post-thumbnail","hentry","category-noticias-principales","category-notas-de-prensa","tag-delcy-rodriguez","tag-economia-venezolana","tag-eeuu","tag-pdvsa","tag-venezuela"],"_links":{"self":[{"href":"https:\/\/prensapresidencialvenezuela.gob.ve\/index.php\/wp-json\/wp\/v2\/posts\/52446","targetHints":{"allow":["GET"]}}],"collection":[{"href":"https:\/\/prensapresidencialvenezuela.gob.ve\/index.php\/wp-json\/wp\/v2\/posts"}],"about":[{"href":"https:\/\/prensapresidencialvenezuela.gob.ve\/index.php\/wp-json\/wp\/v2\/types\/post"}],"author":[{"embeddable":true,"href":"https:\/\/prensapresidencialvenezuela.gob.ve\/index.php\/wp-json\/wp\/v2\/users\/21"}],"replies":[{"embeddable":true,"href":"https:\/\/prensapresidencialvenezuela.gob.ve\/index.php\/wp-json\/wp\/v2\/comments?post=52446"}],"version-history":[{"count":1,"href":"https:\/\/prensapresidencialvenezuela.gob.ve\/index.php\/wp-json\/wp\/v2\/posts\/52446\/revisions"}],"predecessor-version":[{"id":52448,"href":"https:\/\/prensapresidencialvenezuela.gob.ve\/index.php\/wp-json\/wp\/v2\/posts\/52446\/revisions\/52448"}],"wp:featuredmedia":[{"embeddable":true,"href":"https:\/\/prensapresidencialvenezuela.gob.ve\/index.php\/wp-json\/wp\/v2\/media\/52447"}],"wp:attachment":[{"href":"https:\/\/prensapresidencialvenezuela.gob.ve\/index.php\/wp-json\/wp\/v2\/media?parent=52446"}],"wp:term":[{"taxonomy":"category","embeddable":true,"href":"https:\/\/prensapresidencialvenezuela.gob.ve\/index.php\/wp-json\/wp\/v2\/categories?post=52446"},{"taxonomy":"post_tag","embeddable":true,"href":"https:\/\/prensapresidencialvenezuela.gob.ve\/index.php\/wp-json\/wp\/v2\/tags?post=52446"}],"curies":[{"name":"wp","href":"https:\/\/api.w.org\/{rel}","templated":true}]}}