{"id":52450,"date":"2026-09-04T20:33:24","date_gmt":"2026-09-05T00:33:24","guid":{"rendered":"https:\/\/prensapresidencialvenezuela.gob.ve\/?p=52450"},"modified":"2026-09-04T20:33:25","modified_gmt":"2026-09-05T00:33:25","slug":"acuerdo-binacional-fija-una-nueva-etapa-en-la-relacion-energetica-entre-venezuela-y-ee-uu","status":"publish","type":"post","link":"https:\/\/prensapresidencialvenezuela.gob.ve\/index.php\/2026\/09\/04\/acuerdo-binacional-fija-una-nueva-etapa-en-la-relacion-energetica-entre-venezuela-y-ee-uu\/","title":{"rendered":"Acuerdo binacional fija una nueva etapa en la relaci\u00f3n energ\u00e9tica entre Venezuela y EE.UU."},"content":{"rendered":"\n<p class=\"wp-block-paragraph\"><strong>Caracas, Venezuela.- <\/strong>En b\u00fasqueda de estabilidad energ\u00e9tica, la presidenta de la Rep\u00fablica Bolivariana de Venezuela, Delcy Rodr\u00edguez, reiter\u00f3 <strong>la concreci\u00f3n de un acuerdo binacional que marca una nueva etapa en la relaci\u00f3n energ\u00e9tica con los Estados Unidos.<\/strong><\/p>\n\n\n\n<p class=\"wp-block-paragraph\">Durante la firma del Contrato de Participaci\u00f3n Productiva, <strong>Rodr\u00edguez expres\u00f3 su gratitud por la disposici\u00f3n del gobierno de Estados Unidos para retomar un v\u00ednculo que se remonta a 1859<\/strong>, subrayando la convicci\u00f3n del Gobierno Bolivariano en el di\u00e1logo como herramienta fundamental. \u00abLo dije en enero, nosotros vamos a resolver nuestras diferencias, nuestras controversias a trav\u00e9s de la diplomacia, de la negociaci\u00f3n. Y estos acuerdos son una expresi\u00f3n extraordinaria de eso\u00bb, explic\u00f3.<\/p>\n\n\n\n<figure class=\"wp-block-image size-large\"><img fetchpriority=\"high\" decoding=\"async\" width=\"1024\" height=\"819\" src=\"https:\/\/prensapresidencialvenezuela.gob.ve\/wp-content\/uploads\/2026\/09\/IMG_1843-1024x819.jpg\" alt=\"\" class=\"wp-image-52452\" srcset=\"https:\/\/prensapresidencialvenezuela.gob.ve\/wp-content\/uploads\/2026\/09\/IMG_1843-1024x819.jpg 1024w, https:\/\/prensapresidencialvenezuela.gob.ve\/wp-content\/uploads\/2026\/09\/IMG_1843-300x240.jpg 300w, https:\/\/prensapresidencialvenezuela.gob.ve\/wp-content\/uploads\/2026\/09\/IMG_1843-768x614.jpg 768w, https:\/\/prensapresidencialvenezuela.gob.ve\/wp-content\/uploads\/2026\/09\/IMG_1843-1536x1229.jpg 1536w, https:\/\/prensapresidencialvenezuela.gob.ve\/wp-content\/uploads\/2026\/09\/IMG_1843-2048x1638.jpg 2048w\" sizes=\"(max-width: 1024px) 100vw, 1024px\" \/><figcaption class=\"wp-element-caption\">default<\/figcaption><\/figure>\n\n\n\n<p class=\"wp-block-paragraph\"><strong>El \u00e9xito de este avance no ser\u00eda posible sin la resiliencia de la clase obrera<\/strong>, a quienes la Jefa de Estado le dedic\u00f3 palabras de reconocimiento especial por su capacidad de superaci\u00f3n. \u00abLos trabajadores y las trabajadoras petroleras han sido como el ave f\u00e9nix. De la mano de ustedes salieron soluciones ingeniosas. De la mano de ustedes pudimos recuperar producci\u00f3n y alcanzar 1 mill\u00f3n 200 mil barriles en el mes de diciembre\u00bb, destac\u00f3 Rodr\u00edguez.<\/p>\n\n\n\n<p class=\"wp-block-paragraph\">Con la mirada puesta en el crecimiento, la mandataria Nacional comparti\u00f3 su ambiciosa visi\u00f3n de convertir al pa\u00eds en un referente global, m\u00e1s all\u00e1 del petr\u00f3leo. \u00abHa sido mi sue\u00f1o desde que el Presidente Maduro me nombr\u00f3 ministra de Hidrocarburos. Yo dije, vamos a ser pa\u00eds exportador de gas. Y empezamos a exportar las primeras mol\u00e9culas de gas. Pero vamos a ser tambi\u00e9n una potencia de gas y una potencia petroqu\u00edmica\u00bb, puntualiz\u00f3.<\/p>\n\n\n\n<p class=\"wp-block-paragraph\"><strong>Prensa Presidencial\/ Claudia Guerra M\u00e9ndez<\/strong><\/p>\n","protected":false},"excerpt":{"rendered":"<p>Caracas, Venezuela.- En b\u00fasqueda de estabilidad energ\u00e9tica, la presidenta de la Rep\u00fablica Bolivariana de Venezuela, Delcy Rodr\u00edguez, reiter\u00f3 la concreci\u00f3n de un acuerdo binacional que marca una nueva etapa en la relaci\u00f3n energ\u00e9tica con los Estados Unidos. Durante la firma del Contrato de Participaci\u00f3n Productiva, Rodr\u00edguez expres\u00f3 su gratitud por la disposici\u00f3n del gobierno de [&hellip;]<\/p>\n","protected":false},"author":18,"featured_media":52451,"comment_status":"open","ping_status":"open","sticky":false,"template":"","format":"standard","meta":{"footnotes":""},"categories":[18,7],"tags":[122,21,196,455,20],"class_list":["post-52450","post","type-post","status-publish","format-standard","has-post-thumbnail","hentry","category-noticias-principales","category-notas-de-prensa","tag-delcy-rodriguez","tag-economia-venezolana","tag-ee-uu","tag-pdvsa","tag-venezuela"],"_links":{"self":[{"href":"https:\/\/prensapresidencialvenezuela.gob.ve\/index.php\/wp-json\/wp\/v2\/posts\/52450","targetHints":{"allow":["GET"]}}],"collection":[{"href":"https:\/\/prensapresidencialvenezuela.gob.ve\/index.php\/wp-json\/wp\/v2\/posts"}],"about":[{"href":"https:\/\/prensapresidencialvenezuela.gob.ve\/index.php\/wp-json\/wp\/v2\/types\/post"}],"author":[{"embeddable":true,"href":"https:\/\/prensapresidencialvenezuela.gob.ve\/index.php\/wp-json\/wp\/v2\/users\/18"}],"replies":[{"embeddable":true,"href":"https:\/\/prensapresidencialvenezuela.gob.ve\/index.php\/wp-json\/wp\/v2\/comments?post=52450"}],"version-history":[{"count":1,"href":"https:\/\/prensapresidencialvenezuela.gob.ve\/index.php\/wp-json\/wp\/v2\/posts\/52450\/revisions"}],"predecessor-version":[{"id":52453,"href":"https:\/\/prensapresidencialvenezuela.gob.ve\/index.php\/wp-json\/wp\/v2\/posts\/52450\/revisions\/52453"}],"wp:featuredmedia":[{"embeddable":true,"href":"https:\/\/prensapresidencialvenezuela.gob.ve\/index.php\/wp-json\/wp\/v2\/media\/52451"}],"wp:attachment":[{"href":"https:\/\/prensapresidencialvenezuela.gob.ve\/index.php\/wp-json\/wp\/v2\/media?parent=52450"}],"wp:term":[{"taxonomy":"category","embeddable":true,"href":"https:\/\/prensapresidencialvenezuela.gob.ve\/index.php\/wp-json\/wp\/v2\/categories?post=52450"},{"taxonomy":"post_tag","embeddable":true,"href":"https:\/\/prensapresidencialvenezuela.gob.ve\/index.php\/wp-json\/wp\/v2\/tags?post=52450"}],"curies":[{"name":"wp","href":"https:\/\/api.w.org\/{rel}","templated":true}]}}