{"id":52454,"date":"2026-09-04T20:42:56","date_gmt":"2026-09-05T00:42:56","guid":{"rendered":"https:\/\/prensapresidencialvenezuela.gob.ve\/?p=52454"},"modified":"2026-09-04T20:42:57","modified_gmt":"2026-09-05T00:42:57","slug":"ejecutivo-nacional-apuesta-a-la-recuperacion-energetica-de-venezuela-tras-firma-de-acuerdos-internacionales","status":"publish","type":"post","link":"https:\/\/prensapresidencialvenezuela.gob.ve\/index.php\/2026\/09\/04\/ejecutivo-nacional-apuesta-a-la-recuperacion-energetica-de-venezuela-tras-firma-de-acuerdos-internacionales\/","title":{"rendered":"Ejecutivo Nacional apuesta a la recuperaci\u00f3n energ\u00e9tica de Venezuela tras firma de acuerdos internacionales"},"content":{"rendered":"\n<p class=\"wp-block-paragraph\"><strong>Caracas, Venezuela.-<\/strong> En la firma del Contrato de Participaci\u00f3n Productiva para actividades de hidrocarburos entre empresas petroleras de Venezuela y Colombia, la presidenta de la Rep\u00fablica Bolivariana de Venezuela, Delcy Rodr\u00edguez, destac\u00f3 la imperiosa necesidad de transformar las reservas en productividad y desarrollo.<\/p>\n\n\n\n<blockquote class=\"wp-block-quote is-layout-flow wp-block-quote-is-layout-flow\">\n<p class=\"wp-block-paragraph\">\u00abVenezuela es el pa\u00eds con las primeras reservas petroleras del planeta, pero es el n\u00famero 20 en posici\u00f3n de pa\u00eds exportador. \u00bfDe qu\u00e9 sirven esas riquezas si no las desarrollamos?\u00bb, cuestion\u00f3 la Mandataria Nacional, para luego afirmar que la meta es doble: conservar las mayores reservas y, al mismo tiempo, \u00abser una potencia productora y que esa producci\u00f3n se traduzca en la felicidad del pueblo venezolano\u00bb.<\/p>\n<\/blockquote>\n\n\n\n<figure class=\"wp-block-image size-large\"><img fetchpriority=\"high\" decoding=\"async\" width=\"1024\" height=\"683\" src=\"https:\/\/prensapresidencialvenezuela.gob.ve\/wp-content\/uploads\/2026\/09\/IMG_1910-1024x683.jpg\" alt=\"\" class=\"wp-image-52457\" srcset=\"https:\/\/prensapresidencialvenezuela.gob.ve\/wp-content\/uploads\/2026\/09\/IMG_1910-1024x683.jpg 1024w, https:\/\/prensapresidencialvenezuela.gob.ve\/wp-content\/uploads\/2026\/09\/IMG_1910-300x200.jpg 300w, https:\/\/prensapresidencialvenezuela.gob.ve\/wp-content\/uploads\/2026\/09\/IMG_1910-768x512.jpg 768w, https:\/\/prensapresidencialvenezuela.gob.ve\/wp-content\/uploads\/2026\/09\/IMG_1910-1536x1024.jpg 1536w, https:\/\/prensapresidencialvenezuela.gob.ve\/wp-content\/uploads\/2026\/09\/IMG_1910-2048x1365.jpg 2048w\" sizes=\"(max-width: 1024px) 100vw, 1024px\" \/><\/figure>\n\n\n\n<p class=\"wp-block-paragraph\"><strong><em>Acuerdos globales para una industria renovada<\/em><\/strong><\/p>\n\n\n\n<p class=\"wp-block-paragraph\">Rodr\u00edguez destac\u00f3 que las firmas de los recientes acuerdos energ\u00e9ticos se enmarcan dentro de una estrategia m\u00e1s amplia de apertura y cooperaci\u00f3n internacional, que ya incluye vinculaciones con empresas europeas y de Medio Oriente.<\/p>\n\n\n\n<blockquote class=\"wp-block-quote is-layout-flow wp-block-quote-is-layout-flow\">\n<p class=\"wp-block-paragraph\">\u00abNo solamente ese extraordinario acuerdo binacional (con EE.UU), tambi\u00e9n se han suscrito acuerdos con empresas de Europa: Repsol, Eni, Shell, con empresas de Emiratos, de Qatar. Esos contratos van a marcar a Venezuela en su desarrollo energ\u00e9tico\u00bb, explic\u00f3. Adem\u00e1s que aclar\u00f3 que la visi\u00f3n es integrar tecnolog\u00eda, inversi\u00f3n y gesti\u00f3n internacional para reactivar y modernizar la industria petrolera nacional.<\/p>\n<\/blockquote>\n\n\n\n<p class=\"wp-block-paragraph\">Por \u00faltimo, la Jefa de Estado resalt\u00f3 que <strong>\u00abel 80% del petr\u00f3leo y el 90% del gas son campos que ya alcanzaron su tope. Y nosotros estamos firmando para desarrollar campos verdes, estamos marcando no solamente el futuro de Venezuela, sino el aporte que Venezuela le va a dar al mundo, a la seguridad energ\u00e9tica internacional<\/strong>\u00bb. De esta manera, el Ejecutivo Nacional asegura que los beneficios se traduzcan en servicios, empleos y bienestar para el pueblo venezolano.<\/p>\n\n\n\n<p class=\"wp-block-paragraph\"><strong>Prensa Presidencial\/ Claudia Guerra M\u00e9ndez<\/strong><\/p>\n","protected":false},"excerpt":{"rendered":"<p>Caracas, Venezuela.- En la firma del Contrato de Participaci\u00f3n Productiva para actividades de hidrocarburos entre empresas petroleras de Venezuela y Colombia, la presidenta de la Rep\u00fablica Bolivariana de Venezuela, Delcy Rodr\u00edguez, destac\u00f3 la imperiosa necesidad de transformar las reservas en productividad y desarrollo. \u00abVenezuela es el pa\u00eds con las primeras reservas petroleras del planeta, pero [&hellip;]<\/p>\n","protected":false},"author":18,"featured_media":52455,"comment_status":"open","ping_status":"open","sticky":false,"template":"","format":"standard","meta":{"footnotes":""},"categories":[18,7],"tags":[122,21,196,455,20],"class_list":["post-52454","post","type-post","status-publish","format-standard","has-post-thumbnail","hentry","category-noticias-principales","category-notas-de-prensa","tag-delcy-rodriguez","tag-economia-venezolana","tag-ee-uu","tag-pdvsa","tag-venezuela"],"_links":{"self":[{"href":"https:\/\/prensapresidencialvenezuela.gob.ve\/index.php\/wp-json\/wp\/v2\/posts\/52454","targetHints":{"allow":["GET"]}}],"collection":[{"href":"https:\/\/prensapresidencialvenezuela.gob.ve\/index.php\/wp-json\/wp\/v2\/posts"}],"about":[{"href":"https:\/\/prensapresidencialvenezuela.gob.ve\/index.php\/wp-json\/wp\/v2\/types\/post"}],"author":[{"embeddable":true,"href":"https:\/\/prensapresidencialvenezuela.gob.ve\/index.php\/wp-json\/wp\/v2\/users\/18"}],"replies":[{"embeddable":true,"href":"https:\/\/prensapresidencialvenezuela.gob.ve\/index.php\/wp-json\/wp\/v2\/comments?post=52454"}],"version-history":[{"count":3,"href":"https:\/\/prensapresidencialvenezuela.gob.ve\/index.php\/wp-json\/wp\/v2\/posts\/52454\/revisions"}],"predecessor-version":[{"id":52459,"href":"https:\/\/prensapresidencialvenezuela.gob.ve\/index.php\/wp-json\/wp\/v2\/posts\/52454\/revisions\/52459"}],"wp:featuredmedia":[{"embeddable":true,"href":"https:\/\/prensapresidencialvenezuela.gob.ve\/index.php\/wp-json\/wp\/v2\/media\/52455"}],"wp:attachment":[{"href":"https:\/\/prensapresidencialvenezuela.gob.ve\/index.php\/wp-json\/wp\/v2\/media?parent=52454"}],"wp:term":[{"taxonomy":"category","embeddable":true,"href":"https:\/\/prensapresidencialvenezuela.gob.ve\/index.php\/wp-json\/wp\/v2\/categories?post=52454"},{"taxonomy":"post_tag","embeddable":true,"href":"https:\/\/prensapresidencialvenezuela.gob.ve\/index.php\/wp-json\/wp\/v2\/tags?post=52454"}],"curies":[{"name":"wp","href":"https:\/\/api.w.org\/{rel}","templated":true}]}}