{"id":52469,"date":"2026-09-05T14:10:14","date_gmt":"2026-09-05T18:10:14","guid":{"rendered":"https:\/\/prensapresidencialvenezuela.gob.ve\/?p=52469"},"modified":"2026-09-05T14:11:21","modified_gmt":"2026-09-05T18:11:21","slug":"de-las-aulas-al-valle-de-bendiciones-juventud-que-cultiva-el-futuro-en-caricuao","status":"publish","type":"post","link":"https:\/\/prensapresidencialvenezuela.gob.ve\/index.php\/2026\/09\/05\/de-las-aulas-al-valle-de-bendiciones-juventud-que-cultiva-el-futuro-en-caricuao\/","title":{"rendered":"ESPECIAL || De las aulas al Valle de Bendiciones: Juventud que cultiva el futuro en Caricuao"},"content":{"rendered":"\n<p class=\"wp-block-paragraph\">Caracas, Venezuela.<em>&#8211;<\/em> El Centro de Formaci\u00f3n y Producci\u00f3n Agropecuaria \u00abValle de Beraca\u00bb, ubicado en la Comuna Zool\u00f3gico UD3-CC2, integra a 56 j\u00f3venes brigadistas que impulsan la soberan\u00eda alimentaria de m\u00e1s de 5 mil familias, de cara a la segunda Consulta Popular Nacional.<\/p>\n\n\n\n<p class=\"wp-block-paragraph\">Con el prop\u00f3sito de dar a conocer las capacidades del venezolano, nos trasladamos al coraz\u00f3n de Caricuao, donde el asfalto de la ciudad suele imponerse sobre la naturaleza, se escucha el sonido constante de los picos, las palas y las voces de la juventud agricultora. Para una personas ajena al lugar el sonido carecer\u00eda de sentido; pero, en el caso de Denis Rizzo, de 24 a\u00f1os, es el primer acorde de una sinfon\u00eda de producci\u00f3n agro-urbana.<\/p>\n\n\n\n<p class=\"wp-block-paragraph\"><\/p>\n\n\n\n<figure class=\"wp-block-image size-large\"><img fetchpriority=\"high\" decoding=\"async\" width=\"1024\" height=\"819\" src=\"https:\/\/prensapresidencialvenezuela.gob.ve\/wp-content\/uploads\/2026\/09\/IMG_1463-1-1024x819.jpg\" alt=\"\" class=\"wp-image-52473\" srcset=\"https:\/\/prensapresidencialvenezuela.gob.ve\/wp-content\/uploads\/2026\/09\/IMG_1463-1-1024x819.jpg 1024w, https:\/\/prensapresidencialvenezuela.gob.ve\/wp-content\/uploads\/2026\/09\/IMG_1463-1-300x240.jpg 300w, https:\/\/prensapresidencialvenezuela.gob.ve\/wp-content\/uploads\/2026\/09\/IMG_1463-1-768x614.jpg 768w, https:\/\/prensapresidencialvenezuela.gob.ve\/wp-content\/uploads\/2026\/09\/IMG_1463-1-1536x1229.jpg 1536w, https:\/\/prensapresidencialvenezuela.gob.ve\/wp-content\/uploads\/2026\/09\/IMG_1463-1-2048x1638.jpg 2048w\" sizes=\"(max-width: 1024px) 100vw, 1024px\" \/><\/figure>\n\n\n\n<blockquote class=\"wp-block-quote is-layout-flow wp-block-quote-is-layout-flow\">\n<p class=\"wp-block-paragraph\">\u00abEn los primeros siete d\u00edas, los pollitos ni siquiera saben comer\u00bb, explic\u00f3 Denis con la destreza de quien lleva siete a\u00f1os dedicado a la tierra y al criadero en la Comuna Zool\u00f3gico UD3-CC2. \u00abEse sonido del papel los estimula. Entre todos empiezan a picotear, se motivan unos a otros y aprenden a alimentarse\u00bb.<\/p>\n<\/blockquote>\n\n\n\n<p class=\"wp-block-paragraph\">Denis forma parte de los 56 j\u00f3venes brigadistas del Centro de Formaci\u00f3n y Producci\u00f3n Agropecuaria Joven \u00abValle de Beraca\u00bb, un espacio que no solo abastece a familias del sector a precios justos, a trav\u00e9s de su red de distribuci\u00f3n comunal y su cava cuarto con capacidad para 5 toneladas de prote\u00edna, sino que tambi\u00e9n sirve de term\u00f3metro para la organizaci\u00f3n popular en esta \u201cVenezuela que Renace\u201d.<\/p>\n\n\n\n<p class=\"wp-block-paragraph\">En este territorio, la producci\u00f3n se entrelaza con el ejercicio democr\u00e1tico, prepar\u00e1ndose activamente para la segunda Consulta Popular Nacional del pr\u00f3ximo 18 de octubre, jornada que dispondr\u00e1 de 11.412 centros de votaci\u00f3n en el pa\u00eds.<\/p>\n\n\n\n<h3 class=\"wp-block-heading\"><strong>Ciencia, paciencia y prote\u00edna soberana<\/strong><\/h3>\n\n\n\n<p class=\"wp-block-paragraph\">En \u00abValle de Beraca\u00bb, la intuici\u00f3n agr\u00edcola se complementa con el rigor t\u00e9cnico. Denis maneja actualmente un lote de 3 mil pollos de engorde con una tasa de mortalidad extraordinariamente baja, de apenas 2,6% a 2,7%. Conoce al detalle cada etapa: desde el control estricto de temperatura (entre 27 y 28 \u00b0C), la administraci\u00f3n de ciclos de luz para el descanso de las aves, hasta los protocolos de bioseguridad que exigen el uso de cal en pediluvios a la entrada de los galpones.<\/p>\n\n\n\n<p class=\"wp-block-paragraph\">A pocos metros, su compa\u00f1ero Jhon Rizzo, con seis a\u00f1os de experiencia, lidera el \u00e1rea de gallinas ponedoras junto a tres j\u00f3venes m\u00e1s. Con un plantel de mil 300 gallinas de la raza ISA Brown, logran una tasa de efectividad en la postura del 95%, traduci\u00e9ndose en una recolecci\u00f3n diaria de hasta cinco cartones de huevos (unos 30 cartones semanales).<\/p>\n\n\n\n<blockquote class=\"wp-block-quote is-layout-flow wp-block-quote-is-layout-flow\">\n<p class=\"wp-block-paragraph\">\u00abNuestra rutina empieza a las 8:00 de la ma\u00f1ana. Primero verificamos la seguridad del espacio y luego alimentamos a las aves con una raci\u00f3n exacta de 110 a 115 gramos diarios por gallina. A las 11:00 a.m. y a las 3:00 p.m. hacemos la recolecci\u00f3n y selecci\u00f3n de huevos\u00bb, detall\u00f3 Jhon, reflejando la disciplina de la juventud que ha encontrado en el campo urbano una vocaci\u00f3n de vida.<\/p>\n<\/blockquote>\n\n\n\n<h3 class=\"wp-block-heading\"><strong>Semillas y resistencia clim\u00e1tica<\/strong><\/h3>\n\n\n\n<p class=\"wp-block-paragraph\">El impacto de \u201cValle de Beraca\u201d trasciende la prote\u00edna animal. En el \u00e1rea del vivero, uno de los formadores de la juventud productora de apellido Rivas, gu\u00eda a un grupo heterog\u00e9neo cuyas edades van desde un ni\u00f1o de 10 a\u00f1os hasta j\u00f3venes de 21. All\u00ed la producci\u00f3n es totalmente autosustentable: El abono org\u00e1nico se elabora procesando la gallinaza de los propios galpones junto al humus extra\u00eddo de sus lombricarios.<\/p>\n\n\n\n<figure class=\"wp-block-image size-large\"><img decoding=\"async\" width=\"1024\" height=\"977\" src=\"https:\/\/prensapresidencialvenezuela.gob.ve\/wp-content\/uploads\/2026\/09\/10_ZC__9284_P-1024x977.jpg\" alt=\"\" class=\"wp-image-52474\" srcset=\"https:\/\/prensapresidencialvenezuela.gob.ve\/wp-content\/uploads\/2026\/09\/10_ZC__9284_P-1024x977.jpg 1024w, https:\/\/prensapresidencialvenezuela.gob.ve\/wp-content\/uploads\/2026\/09\/10_ZC__9284_P-300x286.jpg 300w, https:\/\/prensapresidencialvenezuela.gob.ve\/wp-content\/uploads\/2026\/09\/10_ZC__9284_P-768x733.jpg 768w, https:\/\/prensapresidencialvenezuela.gob.ve\/wp-content\/uploads\/2026\/09\/10_ZC__9284_P-1536x1466.jpg 1536w, https:\/\/prensapresidencialvenezuela.gob.ve\/wp-content\/uploads\/2026\/09\/10_ZC__9284_P-2048x1954.jpg 2048w\" sizes=\"(max-width: 1024px) 100vw, 1024px\" \/><\/figure>\n\n\n\n<p class=\"wp-block-paragraph\">En mesas organop\u00f3nicas crecen pl\u00e1ntulas de tomate, ceboll\u00edn, cilantro, berenjena, as\u00ed como rubros medicinales, frutales y ornamentales para el Plan \u00abVenezuela Renace\u00bb. Adem\u00e1s, los j\u00f3venes han desarrollado una conciencia ambiental ante el impacto del cambio clim\u00e1tico.<\/p>\n\n\n\n<blockquote class=\"wp-block-quote is-layout-flow wp-block-quote-is-layout-flow\">\n<p class=\"wp-block-paragraph\">\u00abLos muchachos adaptaron el espacio frente al fen\u00f3meno del S\u00faper Ni\u00f1o\u00bb, destac\u00f3<\/p>\n<\/blockquote>\n\n\n\n<p class=\"wp-block-paragraph\">\u00abUtilizan mallas de sombra y riego controlado para aclimatar las plantas antes de su trasplante definitivo. Tienen una visi\u00f3n t\u00e9cnica real para asegurar la producci\u00f3n\u00bb, precis\u00f3 Rivas.<\/p>\n\n\n\n<h3 class=\"wp-block-heading\"><strong>Proyectos de vida y sus ra\u00edces<\/strong><\/h3>\n\n\n\n<p class=\"wp-block-paragraph\">Para la juventud de Caricuao, este espacio agro-urbano representa tambi\u00e9n una alternativa frente a la rutina citadina y un complemento a sus aspiraciones acad\u00e9micas.<\/p>\n\n\n\n<p class=\"wp-block-paragraph\">Paola Pantoja, con tan solo 17 a\u00f1os, es la responsable del criadero de cerdos, una unidad con capacidad para albergar a 120 ejemplares distribuidos en seis naves seg\u00fan su etapa de crecimiento y salud.<\/p>\n\n\n\n<p class=\"wp-block-paragraph\">\u00abA punto de iniciar la vida adulta, para nosotros es clave formarnos en otros oficios adem\u00e1s de ir a la universidad\u00bb, comparti\u00f3 Paola con entusiasmo. \u00abSiempre me ha gustado la vida de granja. He visto c\u00f3mo este lugar ha crecido con el tiempo y me llena de orgullo ser parte de esto\u00bb.<\/p>\n\n\n\n<figure class=\"wp-block-image size-large\"><img decoding=\"async\" width=\"1024\" height=\"819\" src=\"https:\/\/prensapresidencialvenezuela.gob.ve\/wp-content\/uploads\/2026\/09\/IMG_1548-1-1024x819.jpg\" alt=\"\" class=\"wp-image-52475\" srcset=\"https:\/\/prensapresidencialvenezuela.gob.ve\/wp-content\/uploads\/2026\/09\/IMG_1548-1-1024x819.jpg 1024w, https:\/\/prensapresidencialvenezuela.gob.ve\/wp-content\/uploads\/2026\/09\/IMG_1548-1-300x240.jpg 300w, https:\/\/prensapresidencialvenezuela.gob.ve\/wp-content\/uploads\/2026\/09\/IMG_1548-1-768x614.jpg 768w, https:\/\/prensapresidencialvenezuela.gob.ve\/wp-content\/uploads\/2026\/09\/IMG_1548-1-1536x1229.jpg 1536w, https:\/\/prensapresidencialvenezuela.gob.ve\/wp-content\/uploads\/2026\/09\/IMG_1548-1-2048x1638.jpg 2048w\" sizes=\"(max-width: 1024px) 100vw, 1024px\" \/><\/figure>\n\n\n\n<p class=\"wp-block-paragraph\">Entre el cacareo de las aves, el olor a tierra f\u00e9rtil y el trabajo coordinado de decenas de manos j\u00f3venes, \u00abValle de Beraca\u00bb demuestra que la producci\u00f3n comunitaria no es solo una estrategia de abastecimiento, sino un mecanismo de formaci\u00f3n humana y sentido de pertenencia en los barrios de Caracas, adem\u00e1s de un impulso para los 14 motores de la Agenda Econ\u00f3mica Bolivariana.<\/p>\n\n\n\n<h3 class=\"wp-block-heading\"><strong>\u201cValle de bendiciones\u201d<\/strong><\/h3>\n\n\n\n<p class=\"wp-block-paragraph\">Es un mensaje devocional que est\u00e1 representado en el nombre que se le otorg\u00f3 a esta comunidad: Valle de Beraca; un lugar mencionado en la Biblia (en el libro de 2 Cr\u00f3nicas 20:26) cuyo nombre en hebreo significa \u00abValle de la Bendici\u00f3n\u00bb.<\/p>\n\n\n\n<p class=\"wp-block-paragraph\">Es por ello que se le dio este nombre tan colmado de fe a esta zona agroproductiva; porque es el s\u00edmbolo de c\u00f3mo Dios puede convertir un momento de prueba o dificultad en un motivo de gratitud y victoria para transformar los espacios venezolanos en el renacer de la esperanza.<\/p>\n\n\n\n<p class=\"wp-block-paragraph\"><strong>Prensa Presidencial\/ Irmary D\u00edaz<\/strong><\/p>\n","protected":false},"excerpt":{"rendered":"<p>Caracas, Venezuela.&#8211; El Centro de Formaci\u00f3n y Producci\u00f3n Agropecuaria \u00abValle de Beraca\u00bb, ubicado en la Comuna Zool\u00f3gico UD3-CC2, integra a 56 j\u00f3venes brigadistas que impulsan la soberan\u00eda alimentaria de m\u00e1s de 5 mil familias, de cara a la segunda Consulta Popular Nacional. Con el prop\u00f3sito de dar a conocer las capacidades del venezolano, nos trasladamos [&hellip;]<\/p>\n","protected":false},"author":15,"featured_media":52472,"comment_status":"open","ping_status":"open","sticky":false,"template":"","format":"standard","meta":{"footnotes":""},"categories":[18,10,7],"tags":[2285,2286,20],"class_list":["post-52469","post","type-post","status-publish","format-standard","has-post-thumbnail","hentry","category-noticias-principales","category-especiales","category-notas-de-prensa","tag-comuna-zoologico-ud3-cc2","tag-valle-de-beraca","tag-venezuela"],"_links":{"self":[{"href":"https:\/\/prensapresidencialvenezuela.gob.ve\/index.php\/wp-json\/wp\/v2\/posts\/52469","targetHints":{"allow":["GET"]}}],"collection":[{"href":"https:\/\/prensapresidencialvenezuela.gob.ve\/index.php\/wp-json\/wp\/v2\/posts"}],"about":[{"href":"https:\/\/prensapresidencialvenezuela.gob.ve\/index.php\/wp-json\/wp\/v2\/types\/post"}],"author":[{"embeddable":true,"href":"https:\/\/prensapresidencialvenezuela.gob.ve\/index.php\/wp-json\/wp\/v2\/users\/15"}],"replies":[{"embeddable":true,"href":"https:\/\/prensapresidencialvenezuela.gob.ve\/index.php\/wp-json\/wp\/v2\/comments?post=52469"}],"version-history":[{"count":4,"href":"https:\/\/prensapresidencialvenezuela.gob.ve\/index.php\/wp-json\/wp\/v2\/posts\/52469\/revisions"}],"predecessor-version":[{"id":52477,"href":"https:\/\/prensapresidencialvenezuela.gob.ve\/index.php\/wp-json\/wp\/v2\/posts\/52469\/revisions\/52477"}],"wp:featuredmedia":[{"embeddable":true,"href":"https:\/\/prensapresidencialvenezuela.gob.ve\/index.php\/wp-json\/wp\/v2\/media\/52472"}],"wp:attachment":[{"href":"https:\/\/prensapresidencialvenezuela.gob.ve\/index.php\/wp-json\/wp\/v2\/media?parent=52469"}],"wp:term":[{"taxonomy":"category","embeddable":true,"href":"https:\/\/prensapresidencialvenezuela.gob.ve\/index.php\/wp-json\/wp\/v2\/categories?post=52469"},{"taxonomy":"post_tag","embeddable":true,"href":"https:\/\/prensapresidencialvenezuela.gob.ve\/index.php\/wp-json\/wp\/v2\/tags?post=52469"}],"curies":[{"name":"wp","href":"https:\/\/api.w.org\/{rel}","templated":true}]}}