{"id":52478,"date":"2026-09-05T14:24:37","date_gmt":"2026-09-05T18:24:37","guid":{"rendered":"https:\/\/prensapresidencialvenezuela.gob.ve\/?p=52478"},"modified":"2026-09-05T14:26:14","modified_gmt":"2026-09-05T18:26:14","slug":"especial-reconstruccion-en-la-guaira-alcanza-tambien-a-los-emprendedores-locales","status":"publish","type":"post","link":"https:\/\/prensapresidencialvenezuela.gob.ve\/index.php\/2026\/09\/05\/especial-reconstruccion-en-la-guaira-alcanza-tambien-a-los-emprendedores-locales\/","title":{"rendered":"ESPECIAL || Reconstrucci\u00f3n en La Guaira alcanza tambi\u00e9n a los emprendedores locales"},"content":{"rendered":"\n<p class=\"wp-block-paragraph\"><strong>La Guaira, Venezuela. &#8211;<\/strong> En el sector <strong>Palmar Este, parroquia Caraballeda<\/strong>, sobre la avenida principal Costanera, en la zona conocida como <strong>OPPPE 32 Perla 1<\/strong>, la reconstrucci\u00f3n no solo se mide en <strong>paredes rehabilitadas<\/strong>, tambi\u00e9n se mide en <strong>negocios que se reactivan.<\/strong><\/p>\n\n\n\n<p class=\"wp-block-paragraph\">Ah\u00ed, <strong>ocho emprendedores<\/strong> de la propia <strong>comunidad<\/strong> recibieron <strong>financiamiento a trav\u00e9s del Banco Digital de los Trabajadores <\/strong>para recuperar lo que el sismo del 24 de junio les arrebat\u00f3, panader\u00edas, barber\u00edas, servicios de manicura y pedicura que antes depend\u00edan casi por completo del movimiento tur\u00edstico de la zona.<\/p>\n\n\n\n<h4 class=\"wp-block-heading\">Un negocio familiar que no se detuvo<\/h4>\n\n\n\n<p class=\"wp-block-paragraph\"><strong>David Vel\u00e1zquez<\/strong> es parte de ese esfuerzo familiar, su negocio de venta de sopa, que comenz\u00f3 con una sola moto y hoy recorre el estado en una trimoto, estuvo paralizado tras el sismo. Cuenta que el proceso para acceder al cr\u00e9dito fue m\u00e1s r\u00e1pido de lo que esperaba, con representantes del banco tocando puerta por puerta para identificar a los microempresarios de la zona. <\/p>\n\n\n\n<figure class=\"wp-block-image size-large\"><img fetchpriority=\"high\" decoding=\"async\" width=\"1024\" height=\"819\" src=\"https:\/\/prensapresidencialvenezuela.gob.ve\/wp-content\/uploads\/2026\/09\/IMG_1642-1024x819.jpg\" alt=\"\" class=\"wp-image-52482\" srcset=\"https:\/\/prensapresidencialvenezuela.gob.ve\/wp-content\/uploads\/2026\/09\/IMG_1642-1024x819.jpg 1024w, https:\/\/prensapresidencialvenezuela.gob.ve\/wp-content\/uploads\/2026\/09\/IMG_1642-300x240.jpg 300w, https:\/\/prensapresidencialvenezuela.gob.ve\/wp-content\/uploads\/2026\/09\/IMG_1642-768x614.jpg 768w, https:\/\/prensapresidencialvenezuela.gob.ve\/wp-content\/uploads\/2026\/09\/IMG_1642-1536x1229.jpg 1536w, https:\/\/prensapresidencialvenezuela.gob.ve\/wp-content\/uploads\/2026\/09\/IMG_1642-2048x1638.jpg 2048w\" sizes=\"(max-width: 1024px) 100vw, 1024px\" \/><figcaption class=\"wp-element-caption\">Prensa Presidencial<\/figcaption><\/figure>\n\n\n\n<p class=\"wp-block-paragraph\">Reconoce, sin embargo, que la recuperaci\u00f3n no es solo econ\u00f3mica, <strong><em>\u00abpsicol\u00f3gicamente estamos vulnerable, porque cualquier cosa que pase, cualquier temblor, uno est\u00e1 asustado\u00bb<\/em><\/strong>, aunque insiste en que la comunidad sigue adelante, un d\u00eda tras otro.<\/p>\n\n\n\n<h4 class=\"wp-block-heading\">Volver a atender desde casa<\/h4>\n\n\n\n<p class=\"wp-block-paragraph\"><strong>Clarimar Espinoza<\/strong>, manicurista y estilista, tambi\u00e9n recibi\u00f3 apoyo del BDT, con el que repuso herramientas y equipos da\u00f1ados durante el sismo. Hoy atiende a sus clientas desde su propia casa, luego de que buena parte de sus locales vecinos, junto con buena parte de su clientela, se perdieran durante el terremoto. Su mensaje va m\u00e1s all\u00e1 de lo material, <strong><em>\u00abap\u00f3yense entre ustedes mismos, sin el apoyo mutuo no hay nada\u00bb.<\/em><\/strong><\/p>\n\n\n\n<h4 class=\"wp-block-heading\">Una madre, una hija y un mismo alivio<\/h4>\n\n\n\n<p class=\"wp-block-paragraph\"><strong>Perla del Valle Valido<\/strong> representa a la comunidad desde otro lugar, el de madre y vecina que vio caer edificios completos alrededor de su hogar. Recuerda la salida del polvo y el humo tras el sismo, y el trabajo posterior de rehabilitaci\u00f3n de las \u00e1reas comunes, con reposici\u00f3n de agua, energ\u00eda y demolici\u00f3n controlada de las estructuras que ya hab\u00edan colapsado. <\/p>\n\n\n\n<p class=\"wp-block-paragraph\">Para ella, el momento m\u00e1s emotivo lleg\u00f3 cuando su hija, manicurista, pudo reponer la m\u00e1quina que se le da\u00f1\u00f3 gracias al cr\u00e9dito gestionado con el banco, <strong><em>\u00abella brinc\u00f3, porque ya no ten\u00eda c\u00f3mo invertir\u00bb. <\/em><\/strong>Sobre lo que significa <strong>Venezuela Renace<\/strong>, lo resume,<strong><em> \u00abes empezar de nuevo, pero para uno empezar de nuevo siempre tiene que tener un apoyo\u00bb.<\/em><\/strong><\/p>\n\n\n\n<figure class=\"wp-block-image size-large\"><img decoding=\"async\" width=\"1024\" height=\"819\" src=\"https:\/\/prensapresidencialvenezuela.gob.ve\/wp-content\/uploads\/2026\/09\/IMG_1640-1-1024x819.jpg\" alt=\"\" class=\"wp-image-52483\" srcset=\"https:\/\/prensapresidencialvenezuela.gob.ve\/wp-content\/uploads\/2026\/09\/IMG_1640-1-1024x819.jpg 1024w, https:\/\/prensapresidencialvenezuela.gob.ve\/wp-content\/uploads\/2026\/09\/IMG_1640-1-300x240.jpg 300w, https:\/\/prensapresidencialvenezuela.gob.ve\/wp-content\/uploads\/2026\/09\/IMG_1640-1-768x614.jpg 768w, https:\/\/prensapresidencialvenezuela.gob.ve\/wp-content\/uploads\/2026\/09\/IMG_1640-1-1536x1229.jpg 1536w, https:\/\/prensapresidencialvenezuela.gob.ve\/wp-content\/uploads\/2026\/09\/IMG_1640-1-2048x1638.jpg 2048w\" sizes=\"(max-width: 1024px) 100vw, 1024px\" \/><figcaption class=\"wp-element-caption\">Prensa Presidencial<\/figcaption><\/figure>\n\n\n\n<h4 class=\"wp-block-heading\">Una comunidad que vuelve a levantarse<\/h4>\n\n\n\n<p class=\"wp-block-paragraph\">Entre<strong> reparaciones de paredes, impermeabilizaci\u00f3n y la recuperaci\u00f3n de los servicios b\u00e1sicos<\/strong>, la comunidad reporta que buena parte de las viviendas qued\u00f3 atendida en apenas quince d\u00edas. Se trata de un sector donde conviven distintas generaciones, con una veintena de familias que suman en total 91 personas, entre ellas 23 ni\u00f1os y 9 adolescentes.<\/p>\n\n\n\n<p class=\"wp-block-paragraph\">Hoy, con los cr\u00e9ditos ya invertidos en m\u00e1quinas, mesas de trabajo y herramientas, los emprendimientos de esta comunidad de La Guaira intentan recuperar, junto a las estructuras, el sustento diario de quienes dependen del turismo para salir adelante. Un paso m\u00e1s dentro del despliegue del <strong>Plan Venezuela Renace<\/strong> en distintas comunidades del pa\u00eds.<\/p>\n\n\n\n<p class=\"wp-block-paragraph\"><strong>Prensa Presidencial \/ Kaylib Maita <\/strong><\/p>\n","protected":false},"excerpt":{"rendered":"<p>La Guaira, Venezuela. &#8211; En el sector Palmar Este, parroquia Caraballeda, sobre la avenida principal Costanera, en la zona conocida como OPPPE 32 Perla 1, la reconstrucci\u00f3n no solo se mide en paredes rehabilitadas, tambi\u00e9n se mide en negocios que se reactivan. Ah\u00ed, ocho emprendedores de la propia comunidad recibieron financiamiento a trav\u00e9s del Banco [&hellip;]<\/p>\n","protected":false},"author":21,"featured_media":52481,"comment_status":"open","ping_status":"open","sticky":false,"template":"","format":"standard","meta":{"footnotes":""},"categories":[18,10],"tags":[2189,1771,2287,2186,20,2190],"class_list":["post-52478","post","type-post","status-publish","format-standard","has-post-thumbnail","hentry","category-noticias-principales","category-especiales","tag-caraballeda","tag-la-guaira","tag-opppe-32","tag-plan-venezuela-renace","tag-venezuela","tag-venezuela-renace"],"_links":{"self":[{"href":"https:\/\/prensapresidencialvenezuela.gob.ve\/index.php\/wp-json\/wp\/v2\/posts\/52478","targetHints":{"allow":["GET"]}}],"collection":[{"href":"https:\/\/prensapresidencialvenezuela.gob.ve\/index.php\/wp-json\/wp\/v2\/posts"}],"about":[{"href":"https:\/\/prensapresidencialvenezuela.gob.ve\/index.php\/wp-json\/wp\/v2\/types\/post"}],"author":[{"embeddable":true,"href":"https:\/\/prensapresidencialvenezuela.gob.ve\/index.php\/wp-json\/wp\/v2\/users\/21"}],"replies":[{"embeddable":true,"href":"https:\/\/prensapresidencialvenezuela.gob.ve\/index.php\/wp-json\/wp\/v2\/comments?post=52478"}],"version-history":[{"count":3,"href":"https:\/\/prensapresidencialvenezuela.gob.ve\/index.php\/wp-json\/wp\/v2\/posts\/52478\/revisions"}],"predecessor-version":[{"id":52487,"href":"https:\/\/prensapresidencialvenezuela.gob.ve\/index.php\/wp-json\/wp\/v2\/posts\/52478\/revisions\/52487"}],"wp:featuredmedia":[{"embeddable":true,"href":"https:\/\/prensapresidencialvenezuela.gob.ve\/index.php\/wp-json\/wp\/v2\/media\/52481"}],"wp:attachment":[{"href":"https:\/\/prensapresidencialvenezuela.gob.ve\/index.php\/wp-json\/wp\/v2\/media?parent=52478"}],"wp:term":[{"taxonomy":"category","embeddable":true,"href":"https:\/\/prensapresidencialvenezuela.gob.ve\/index.php\/wp-json\/wp\/v2\/categories?post=52478"},{"taxonomy":"post_tag","embeddable":true,"href":"https:\/\/prensapresidencialvenezuela.gob.ve\/index.php\/wp-json\/wp\/v2\/tags?post=52478"}],"curies":[{"name":"wp","href":"https:\/\/api.w.org\/{rel}","templated":true}]}}