{"id":52491,"date":"2026-09-05T18:42:57","date_gmt":"2026-09-05T22:42:57","guid":{"rendered":"https:\/\/prensapresidencialvenezuela.gob.ve\/?p=52491"},"modified":"2026-09-05T19:15:15","modified_gmt":"2026-09-05T23:15:15","slug":"presidenta-delcy-rodriguez-firma-acuerdo-con-centro-greens-de-la-india-para-repotenciar-zoologicos-publicos-en-venezuela","status":"publish","type":"post","link":"https:\/\/prensapresidencialvenezuela.gob.ve\/index.php\/2026\/09\/05\/presidenta-delcy-rodriguez-firma-acuerdo-con-centro-greens-de-la-india-para-repotenciar-zoologicos-publicos-en-venezuela\/","title":{"rendered":"Presidenta Delcy Rodr\u00edguez firma acuerdo con Centro Greens de la India para repotenciar zool\u00f3gicos p\u00fablicos en Venezuela"},"content":{"rendered":"\n<p class=\"wp-block-paragraph\"><strong>Caracas, Venezuela<\/strong>.- Este s\u00e1bado, la presidenta de la Rep\u00fablica Bolivariana de Venezuela, Delcy Rodr\u00edguez, encabeza la firma de un memorando de entendimiento entre el Ministerio del Poder Popular para el Ecosocialismo y el Centro Zool\u00f3gico de Rescate y Rehabilitaci\u00f3n Greens \u2014entidad operativa de la iniciativa global de conservaci\u00f3n Vantara\u2014, con sede en Jamnagar, Gujarat, en India.<\/p>\n\n\n\n<p class=\"wp-block-paragraph\">Con este acuerdo, fundamentado en los principios del Convenio sobre la Diversidad Biol\u00f3gica, el pa\u00eds avanza en pasos concretos para repotenciar los zool\u00f3gicos p\u00fablicos nacionales, as\u00ed como tambi\u00e9n en la construcci\u00f3n del primer hospital de fauna silvestre y dom\u00e9stica, que incluir\u00e1 adem\u00e1s aulas formativas y contemplar\u00e1 la actualizaci\u00f3n acad\u00e9mica de especialistas en fauna.<\/p>\n\n\n\n<p class=\"wp-block-paragraph\">Por la delegaci\u00f3n de la India rubrica el memorando el doctor Sachin Baburao Patil, miembro de Vantara; mientras que, por Venezuela, sella el compromiso el ministro de Ecosocialismo, Nelson Rodr\u00edguez.<\/p>\n\n\n\n<figure class=\"wp-block-image size-large\"><img fetchpriority=\"high\" decoding=\"async\" width=\"1005\" height=\"1024\" src=\"https:\/\/prensapresidencialvenezuela.gob.ve\/wp-content\/uploads\/2026\/09\/JZ_L4845-7_-1005x1024.jpg\" alt=\"\" class=\"wp-image-52493\" srcset=\"https:\/\/prensapresidencialvenezuela.gob.ve\/wp-content\/uploads\/2026\/09\/JZ_L4845-7_-1005x1024.jpg 1005w, https:\/\/prensapresidencialvenezuela.gob.ve\/wp-content\/uploads\/2026\/09\/JZ_L4845-7_-294x300.jpg 294w, https:\/\/prensapresidencialvenezuela.gob.ve\/wp-content\/uploads\/2026\/09\/JZ_L4845-7_-768x783.jpg 768w, https:\/\/prensapresidencialvenezuela.gob.ve\/wp-content\/uploads\/2026\/09\/JZ_L4845-7_-1507x1536.jpg 1507w, https:\/\/prensapresidencialvenezuela.gob.ve\/wp-content\/uploads\/2026\/09\/JZ_L4845-7_-2009x2048.jpg 2009w\" sizes=\"(max-width: 1005px) 100vw, 1005px\" \/><\/figure>\n\n\n\n<h3 class=\"wp-block-heading\"><strong>Vantara: Referente global e intercambio tecnol\u00f3gico<\/strong><\/h3>\n\n\n\n<p class=\"wp-block-paragraph\">India es un referente mundial en conservaci\u00f3n de fauna silvestre y protecci\u00f3n de la biodiversidad. Cuenta con <strong>Vantara, el programa de conservaci\u00f3n global bajo el cual opera el Centro Greens<\/strong>, considerado el complejo de rescate y rehabilitaci\u00f3n m\u00e1s grande del pa\u00eds y uno de los principales del mundo.<\/p>\n\n\n\n<p class=\"wp-block-paragraph\">Este recinto fue visitado por la jefa de Estado venezolana el pasado 5 de junio, como parte de su agenda de trabajo en la ciudad de Jamnagar, en el estado de Gujarat, donde recorri\u00f3 el centro de bienestar de elefantes, el hospital veterinario y el complejo m\u00e9dico. Este acuerdo permitir\u00e1 aprender de la experiencia india en el manejo de centros de conservaci\u00f3n y en la aplicaci\u00f3n de tecnolog\u00edas destinadas al bienestar animal.<\/p>\n\n\n\n<p class=\"wp-block-paragraph\"><strong>Prensa Presidencial \/ Iliana Rosales<\/strong><\/p>\n","protected":false},"excerpt":{"rendered":"<p>Caracas, Venezuela.- Este s\u00e1bado, la presidenta de la Rep\u00fablica Bolivariana de Venezuela, Delcy Rodr\u00edguez, encabeza la firma de un memorando de entendimiento entre el Ministerio del Poder Popular para el Ecosocialismo y el Centro Zool\u00f3gico de Rescate y Rehabilitaci\u00f3n Greens \u2014entidad operativa de la iniciativa global de conservaci\u00f3n Vantara\u2014, con sede en Jamnagar, Gujarat, en [&hellip;]<\/p>\n","protected":false},"author":19,"featured_media":52492,"comment_status":"open","ping_status":"open","sticky":false,"template":"","format":"standard","meta":{"footnotes":""},"categories":[18,7],"tags":[1891,20],"class_list":["post-52491","post","type-post","status-publish","format-standard","has-post-thumbnail","hentry","category-noticias-principales","category-notas-de-prensa","tag-presidenta-encargada-delcy-rodriguez","tag-venezuela"],"_links":{"self":[{"href":"https:\/\/prensapresidencialvenezuela.gob.ve\/index.php\/wp-json\/wp\/v2\/posts\/52491","targetHints":{"allow":["GET"]}}],"collection":[{"href":"https:\/\/prensapresidencialvenezuela.gob.ve\/index.php\/wp-json\/wp\/v2\/posts"}],"about":[{"href":"https:\/\/prensapresidencialvenezuela.gob.ve\/index.php\/wp-json\/wp\/v2\/types\/post"}],"author":[{"embeddable":true,"href":"https:\/\/prensapresidencialvenezuela.gob.ve\/index.php\/wp-json\/wp\/v2\/users\/19"}],"replies":[{"embeddable":true,"href":"https:\/\/prensapresidencialvenezuela.gob.ve\/index.php\/wp-json\/wp\/v2\/comments?post=52491"}],"version-history":[{"count":4,"href":"https:\/\/prensapresidencialvenezuela.gob.ve\/index.php\/wp-json\/wp\/v2\/posts\/52491\/revisions"}],"predecessor-version":[{"id":52501,"href":"https:\/\/prensapresidencialvenezuela.gob.ve\/index.php\/wp-json\/wp\/v2\/posts\/52491\/revisions\/52501"}],"wp:featuredmedia":[{"embeddable":true,"href":"https:\/\/prensapresidencialvenezuela.gob.ve\/index.php\/wp-json\/wp\/v2\/media\/52492"}],"wp:attachment":[{"href":"https:\/\/prensapresidencialvenezuela.gob.ve\/index.php\/wp-json\/wp\/v2\/media?parent=52491"}],"wp:term":[{"taxonomy":"category","embeddable":true,"href":"https:\/\/prensapresidencialvenezuela.gob.ve\/index.php\/wp-json\/wp\/v2\/categories?post=52491"},{"taxonomy":"post_tag","embeddable":true,"href":"https:\/\/prensapresidencialvenezuela.gob.ve\/index.php\/wp-json\/wp\/v2\/tags?post=52491"}],"curies":[{"name":"wp","href":"https:\/\/api.w.org\/{rel}","templated":true}]}}