{"id":52503,"date":"2026-09-05T19:25:42","date_gmt":"2026-09-05T23:25:42","guid":{"rendered":"https:\/\/prensapresidencialvenezuela.gob.ve\/?p=52503"},"modified":"2026-09-05T19:25:42","modified_gmt":"2026-09-05T23:25:42","slug":"venezuela-y-la-india-consolidan-cooperacion-bilateral-para-la-proteccion-ambiental-y-el-bienestar-social","status":"publish","type":"post","link":"https:\/\/prensapresidencialvenezuela.gob.ve\/index.php\/2026\/09\/05\/venezuela-y-la-india-consolidan-cooperacion-bilateral-para-la-proteccion-ambiental-y-el-bienestar-social\/","title":{"rendered":"Venezuela y la India consolidan cooperaci\u00f3n bilateral para la protecci\u00f3n ambiental y el bienestar social"},"content":{"rendered":"\n<p class=\"wp-block-paragraph\"><strong>Caracas, Venezuela.<\/strong> Durante el acto de firma del memorando de entendimiento entre el Ministerio del Poder Popular para el Ecosocialismo y el Centro Zool\u00f3gico de Rescate y Rehabilitaci\u00f3n Greens, la presidenta de la Rep\u00fablica, Delcy Rodr\u00edguez, ratific\u00f3 el compromiso del Gobierno Bolivariano con el fortalecimiento de las alianzas estrat\u00e9gicas internacionales en materia ambiental, destacando el respaldo hist\u00f3rico y la solidaridad del pueblo asi\u00e1tico.<\/p>\n\n\n\n<blockquote class=\"wp-block-quote is-layout-flow wp-block-quote-is-layout-flow\">\n<p class=\"wp-block-paragraph\">\u201cAgradezco a la India, la cooperaci\u00f3n, al Primer Ministro Modi por todo el apoyo que ha dado a Venezuela y en los duros momentos del doble terremoto\u00bb.<\/p>\n<\/blockquote>\n\n\n\n<p class=\"wp-block-paragraph\">La Jefa de Estado enfatiz\u00f3 que este acuerdo de asistencia t\u00e9cnica e infraestructura ecol\u00f3gica representa un avance concreto para la preservaci\u00f3n de la fauna silvestre y la modernizaci\u00f3n de los espacios p\u00fablicos del pa\u00eds, conectando la gesti\u00f3n ambiental con el bienestar de las familias venezolanas.<\/p>\n\n\n\n<blockquote class=\"wp-block-quote is-layout-flow wp-block-quote-is-layout-flow\">\n<p class=\"wp-block-paragraph\">\u00abMe da mucha emoci\u00f3n que firmemos acuerdos de esta naturaleza porque nos permite abrazar a seres vivos y nos permite abrazar el futuro tambi\u00e9n para nuestros hijos y para nuestras hijas\u00bb, afirm\u00f3.<\/p>\n<\/blockquote>\n\n\n\n<p class=\"wp-block-paragraph\"><strong>Prensa Presidencial \/ Kaylib Maita <\/strong><\/p>\n","protected":false},"excerpt":{"rendered":"<p>Caracas, Venezuela. Durante el acto de firma del memorando de entendimiento entre el Ministerio del Poder Popular para el Ecosocialismo y el Centro Zool\u00f3gico de Rescate y Rehabilitaci\u00f3n Greens, la presidenta de la Rep\u00fablica, Delcy Rodr\u00edguez, ratific\u00f3 el compromiso del Gobierno Bolivariano con el fortalecimiento de las alianzas estrat\u00e9gicas internacionales en materia ambiental, destacando el [&hellip;]<\/p>\n","protected":false},"author":21,"featured_media":52510,"comment_status":"open","ping_status":"open","sticky":false,"template":"","format":"standard","meta":{"footnotes":""},"categories":[18,7],"tags":[160,20],"class_list":["post-52503","post","type-post","status-publish","format-standard","has-post-thumbnail","hentry","category-noticias-principales","category-notas-de-prensa","tag-la-india","tag-venezuela"],"_links":{"self":[{"href":"https:\/\/prensapresidencialvenezuela.gob.ve\/index.php\/wp-json\/wp\/v2\/posts\/52503","targetHints":{"allow":["GET"]}}],"collection":[{"href":"https:\/\/prensapresidencialvenezuela.gob.ve\/index.php\/wp-json\/wp\/v2\/posts"}],"about":[{"href":"https:\/\/prensapresidencialvenezuela.gob.ve\/index.php\/wp-json\/wp\/v2\/types\/post"}],"author":[{"embeddable":true,"href":"https:\/\/prensapresidencialvenezuela.gob.ve\/index.php\/wp-json\/wp\/v2\/users\/21"}],"replies":[{"embeddable":true,"href":"https:\/\/prensapresidencialvenezuela.gob.ve\/index.php\/wp-json\/wp\/v2\/comments?post=52503"}],"version-history":[{"count":1,"href":"https:\/\/prensapresidencialvenezuela.gob.ve\/index.php\/wp-json\/wp\/v2\/posts\/52503\/revisions"}],"predecessor-version":[{"id":52511,"href":"https:\/\/prensapresidencialvenezuela.gob.ve\/index.php\/wp-json\/wp\/v2\/posts\/52503\/revisions\/52511"}],"wp:featuredmedia":[{"embeddable":true,"href":"https:\/\/prensapresidencialvenezuela.gob.ve\/index.php\/wp-json\/wp\/v2\/media\/52510"}],"wp:attachment":[{"href":"https:\/\/prensapresidencialvenezuela.gob.ve\/index.php\/wp-json\/wp\/v2\/media?parent=52503"}],"wp:term":[{"taxonomy":"category","embeddable":true,"href":"https:\/\/prensapresidencialvenezuela.gob.ve\/index.php\/wp-json\/wp\/v2\/categories?post=52503"},{"taxonomy":"post_tag","embeddable":true,"href":"https:\/\/prensapresidencialvenezuela.gob.ve\/index.php\/wp-json\/wp\/v2\/tags?post=52503"}],"curies":[{"name":"wp","href":"https:\/\/api.w.org\/{rel}","templated":true}]}}