{"id":52512,"date":"2026-09-05T19:29:07","date_gmt":"2026-09-05T23:29:07","guid":{"rendered":"https:\/\/prensapresidencialvenezuela.gob.ve\/?p=52512"},"modified":"2026-09-05T19:29:07","modified_gmt":"2026-09-05T23:29:07","slug":"presidenta-delcy-rodriguez-promueve-la-conciencia-ambiental-y-la-mitigacion-ante-la-emergencia-climatica-global","status":"publish","type":"post","link":"https:\/\/prensapresidencialvenezuela.gob.ve\/index.php\/2026\/09\/05\/presidenta-delcy-rodriguez-promueve-la-conciencia-ambiental-y-la-mitigacion-ante-la-emergencia-climatica-global\/","title":{"rendered":"Presidenta Delcy Rodr\u00edguez promueve la conciencia ambiental y la mitigaci\u00f3n ante la emergencia clim\u00e1tica global"},"content":{"rendered":"\n<p class=\"wp-block-paragraph\"><strong>Caracas, Venezuela. &#8211; <\/strong>Durante el abordaje de las acciones prioritarias de conservaci\u00f3n y ecosocialismo, la presidenta de la Rep\u00fablica Bolivariana de Venezuela, Delcy Rodr\u00edguez, hizo un llamado a asumir una alta responsabilidad institucional y ciudadana frente a los efectos del cambio clim\u00e1tico en el planeta.<\/p>\n\n\n\n<blockquote class=\"wp-block-quote is-layout-flow wp-block-quote-is-layout-flow\">\n<p class=\"wp-block-paragraph\">\u00abSabemos que el planeta sufre y padece la emergencia clim\u00e1tica y nosotros tenemos que tener una gran responsabilidad en la mitigaci\u00f3n de los riesgos en la preservaci\u00f3n, en la conservaci\u00f3n\u00bb, asegur\u00f3.<\/p>\n<\/blockquote>\n\n\n\n<p class=\"wp-block-paragraph\">La Mandataria subray\u00f3 que la estrategia nacional de protecci\u00f3n ambiental se orienta hacia la educaci\u00f3n pedag\u00f3gica y el desarrollo del amor por la fauna silvestre desde la infancia, garantizando espacios de esparcimiento enfocados en la formaci\u00f3n ecol\u00f3gica de las futuras generaciones.<\/p>\n\n\n\n<blockquote class=\"wp-block-quote is-layout-flow wp-block-quote-is-layout-flow\">\n<p class=\"wp-block-paragraph\">\u00abHemos querido crear esa conciencia desde los ni\u00f1os. Estos parques servir\u00e1n para que los ni\u00f1os tambi\u00e9n entiendan lo que significa el amor a un ser vivo, a un animal de nuestra fauna\u00bb, concluy\u00f3.<\/p>\n<\/blockquote>\n\n\n\n<p class=\"wp-block-paragraph\"><strong>Prensa Presidencial \/ Kaylib Maita <\/strong><\/p>\n","protected":false},"excerpt":{"rendered":"<p>Caracas, Venezuela. &#8211; Durante el abordaje de las acciones prioritarias de conservaci\u00f3n y ecosocialismo, la presidenta de la Rep\u00fablica Bolivariana de Venezuela, Delcy Rodr\u00edguez, hizo un llamado a asumir una alta responsabilidad institucional y ciudadana frente a los efectos del cambio clim\u00e1tico en el planeta. \u00abSabemos que el planeta sufre y padece la emergencia clim\u00e1tica [&hellip;]<\/p>\n","protected":false},"author":21,"featured_media":52515,"comment_status":"open","ping_status":"open","sticky":false,"template":"","format":"standard","meta":{"footnotes":""},"categories":[18,7],"tags":[2175,20],"class_list":["post-52512","post","type-post","status-publish","format-standard","has-post-thumbnail","hentry","category-noticias-principales","category-notas-de-prensa","tag-presidenta-delcy-rodriguez","tag-venezuela"],"_links":{"self":[{"href":"https:\/\/prensapresidencialvenezuela.gob.ve\/index.php\/wp-json\/wp\/v2\/posts\/52512","targetHints":{"allow":["GET"]}}],"collection":[{"href":"https:\/\/prensapresidencialvenezuela.gob.ve\/index.php\/wp-json\/wp\/v2\/posts"}],"about":[{"href":"https:\/\/prensapresidencialvenezuela.gob.ve\/index.php\/wp-json\/wp\/v2\/types\/post"}],"author":[{"embeddable":true,"href":"https:\/\/prensapresidencialvenezuela.gob.ve\/index.php\/wp-json\/wp\/v2\/users\/21"}],"replies":[{"embeddable":true,"href":"https:\/\/prensapresidencialvenezuela.gob.ve\/index.php\/wp-json\/wp\/v2\/comments?post=52512"}],"version-history":[{"count":1,"href":"https:\/\/prensapresidencialvenezuela.gob.ve\/index.php\/wp-json\/wp\/v2\/posts\/52512\/revisions"}],"predecessor-version":[{"id":52516,"href":"https:\/\/prensapresidencialvenezuela.gob.ve\/index.php\/wp-json\/wp\/v2\/posts\/52512\/revisions\/52516"}],"wp:featuredmedia":[{"embeddable":true,"href":"https:\/\/prensapresidencialvenezuela.gob.ve\/index.php\/wp-json\/wp\/v2\/media\/52515"}],"wp:attachment":[{"href":"https:\/\/prensapresidencialvenezuela.gob.ve\/index.php\/wp-json\/wp\/v2\/media?parent=52512"}],"wp:term":[{"taxonomy":"category","embeddable":true,"href":"https:\/\/prensapresidencialvenezuela.gob.ve\/index.php\/wp-json\/wp\/v2\/categories?post=52512"},{"taxonomy":"post_tag","embeddable":true,"href":"https:\/\/prensapresidencialvenezuela.gob.ve\/index.php\/wp-json\/wp\/v2\/tags?post=52512"}],"curies":[{"name":"wp","href":"https:\/\/api.w.org\/{rel}","templated":true}]}}