{"id":5252,"date":"2023-05-18T22:14:15","date_gmt":"2023-05-18T22:14:15","guid":{"rendered":"http:\/\/172.27.0.121\/?p=5252"},"modified":"2023-05-18T22:14:15","modified_gmt":"2023-05-18T22:14:15","slug":"meta-2023-de-cauchos-venezuela-es-elevar-produccion-al-75","status":"publish","type":"post","link":"https:\/\/prensapresidencialvenezuela.gob.ve\/index.php\/2023\/05\/18\/meta-2023-de-cauchos-venezuela-es-elevar-produccion-al-75\/","title":{"rendered":"Meta 2023 de Cauchos Venezuela es elevar producci\u00f3n al 75%"},"content":{"rendered":"\n<p><strong>Valencia, estado Carabobo. &#8211;&nbsp; <\/strong>Al visualizar toda la maquinaria reactivada por los propios trabajadores y trabajadoras de Cauchos de Venezuela, el presidente de la Rep\u00fablica Bolivariana de Venezuela, Nicol\u00e1s Maduro, enfatiz\u00f3 sobre el incremento de la producci\u00f3n en esta compa\u00f1\u00eda y se\u00f1al\u00f3 que la meta de este a\u00f1o 2023 es llegar a 75% de su producci\u00f3n.<\/p>\n\n\n\n<p>Durante el Encuentro con los Consejos Productivos de Trabajadoras y Trabajadores (CPTT) del sector Industrial de la Regi\u00f3n Central del pa\u00eds, el jefe de Estado salud\u00f3 la experiencia exitosaque ha sido una realidad gracias a la acci\u00f3n de un gremio de trabajadores que forma parte de los 2 mil 400 CPTT que existen en todo el pa\u00eds, sobre los cuales, el Mandatario indic\u00f3 que \u201ctiene confianza\u201d y que \u201ccada vez deben funcionar mejor\u201d.<\/p>\n\n\n\n<p>Cauchos de Venezuela cuenta con una fuerza laboral de m\u00e1s de 700 trabajadores, lo que se traduce en alrededor de mil familias de esta entidad, pormenoriz\u00f3 el jefe de Estado, quien adem\u00e1s ratific\u00f3 que el llamado es a sustituir inversiones a todo nivel, con el fin siempre de satisfacer las necesidades del pueblo venezolano.<\/p>\n\n\n\n<p>El presidente Maduro exalt\u00f3 el trabajo que se viene haciendo con los CPTT, sobre los cuales \u201chay que garantizar un papel protag\u00f3nico\u201d, porque \u201cninguno se puede quedar atr\u00e1s, tiene que estar articulado a los trabajadores de base, es decir, no puede haber CPTT elitista, ni alejados de los trabajadores de base \u00a1No!\u201d.<\/p>\n\n\n\n<p>\u201cHay que o\u00edrlos, escucharlos, tomarlos en cuenta, debatir con ellos, tenemos que tener unos CPTT democr\u00e1ticos (\u2026) que tengan un papel protag\u00f3nico para producir cada vez m\u00e1s, para sustituir importaciones, ahorrar divisas y satisfacer las necesidades del pueblo\u201d, enumer\u00f3 el Mandatario venezolano.<\/p>\n\n\n\n<p><strong>Inversionistas para cada empresa<\/strong><\/p>\n\n\n\n<p>En esa l\u00ednea, el presidente Maduro instruy\u00f3 al ministro de Industria, Hip\u00f3lito Abreu; del Trabajo, Francisco Torrealba, junto a la vicepresidenta Ejecutiva, Delcy Rodr\u00edguez, conseguir inversionistas para cada empresa.<\/p>\n\n\n\n<p>\u201cTodas tienen que producir al 100% (\u2026) con inversi\u00f3n que podamos garantizar nosotros en la medida de lo posible, en medio de la dificultad diaria por las sanciones econ\u00f3micas, financieras\u201d, para \u201cgarantizar todo con los recursos que ingresan y producir cada vez m\u00e1s\u201d, se\u00f1al\u00f3.<\/p>\n\n\n\n<p>El Dignatario especific\u00f3 que esta garant\u00eda debe provenir de recursos p\u00fablicos y privados, al resaltar que un logro de estos a\u00f1os de resistencia ha sido el haber cultivado una relaci\u00f3n extraordinaria con todo el empresariado y sector privado del pa\u00eds.<\/p>\n\n\n\n<p>A tal efecto, el Dignatario nacional llam\u00f3 al sector privado, empresarios, la banca y sector financiero a invertir. \u201cVengan a invertir en acuerdos de ganar \u2013 ganar\u201d, para dar una lecci\u00f3n productiva y generar recursos, bienes, productos y riquezas para el pa\u00eds, tenemos que garantizar las inversiones p\u00fablicas y privadas\u201d.<\/p>\n\n\n\n<p>\u201cLa orden est\u00e1 dada: A garantizar, a conseguir toda la inversi\u00f3n para poner productiva todas las empresas recuperadas por los CPTT\u201d, puntualiz\u00f3 el presidente Nicol\u00e1s Maduro<\/p>\n\n\n\n<p><strong>Prensa Presidencial \/ Ana\u00eds P\u00e9rez<\/strong><\/p>\n","protected":false},"excerpt":{"rendered":"<p>Valencia, estado Carabobo. &#8211;&nbsp; Al visualizar toda la maquinaria reactivada por los propios trabajadores y trabajadoras de Cauchos de Venezuela, el presidente de la Rep\u00fablica Bolivariana de Venezuela, Nicol\u00e1s Maduro, enfatiz\u00f3 sobre el incremento de la producci\u00f3n en esta compa\u00f1\u00eda y se\u00f1al\u00f3 que la meta de este a\u00f1o 2023 es llegar a 75% de su [&hellip;]<\/p>\n","protected":false},"author":6,"featured_media":5253,"comment_status":"open","ping_status":"open","sticky":false,"template":"","format":"standard","meta":{"footnotes":""},"categories":[18,7],"tags":[30,19,27,20],"class_list":["post-5252","post","type-post","status-publish","format-standard","has-post-thumbnail","hentry","category-noticias-principales","category-notas-de-prensa","tag-destacado","tag-nicolas-maduro","tag-revolucion-bolivariana","tag-venezuela"],"_links":{"self":[{"href":"https:\/\/prensapresidencialvenezuela.gob.ve\/index.php\/wp-json\/wp\/v2\/posts\/5252","targetHints":{"allow":["GET"]}}],"collection":[{"href":"https:\/\/prensapresidencialvenezuela.gob.ve\/index.php\/wp-json\/wp\/v2\/posts"}],"about":[{"href":"https:\/\/prensapresidencialvenezuela.gob.ve\/index.php\/wp-json\/wp\/v2\/types\/post"}],"author":[{"embeddable":true,"href":"https:\/\/prensapresidencialvenezuela.gob.ve\/index.php\/wp-json\/wp\/v2\/users\/6"}],"replies":[{"embeddable":true,"href":"https:\/\/prensapresidencialvenezuela.gob.ve\/index.php\/wp-json\/wp\/v2\/comments?post=5252"}],"version-history":[{"count":1,"href":"https:\/\/prensapresidencialvenezuela.gob.ve\/index.php\/wp-json\/wp\/v2\/posts\/5252\/revisions"}],"predecessor-version":[{"id":5254,"href":"https:\/\/prensapresidencialvenezuela.gob.ve\/index.php\/wp-json\/wp\/v2\/posts\/5252\/revisions\/5254"}],"wp:featuredmedia":[{"embeddable":true,"href":"https:\/\/prensapresidencialvenezuela.gob.ve\/index.php\/wp-json\/wp\/v2\/media\/5253"}],"wp:attachment":[{"href":"https:\/\/prensapresidencialvenezuela.gob.ve\/index.php\/wp-json\/wp\/v2\/media?parent=5252"}],"wp:term":[{"taxonomy":"category","embeddable":true,"href":"https:\/\/prensapresidencialvenezuela.gob.ve\/index.php\/wp-json\/wp\/v2\/categories?post=5252"},{"taxonomy":"post_tag","embeddable":true,"href":"https:\/\/prensapresidencialvenezuela.gob.ve\/index.php\/wp-json\/wp\/v2\/tags?post=5252"}],"curies":[{"name":"wp","href":"https:\/\/api.w.org\/{rel}","templated":true}]}}