{"id":5269,"date":"2023-05-19T22:47:31","date_gmt":"2023-05-19T22:47:31","guid":{"rendered":"http:\/\/172.27.0.121\/?p=5269"},"modified":"2023-05-19T22:47:31","modified_gmt":"2023-05-19T22:47:31","slug":"gobernaciones-y-alcaldias-deben-alinearse-al-1x10-del-buen-gobierno","status":"publish","type":"post","link":"https:\/\/prensapresidencialvenezuela.gob.ve\/index.php\/2023\/05\/19\/gobernaciones-y-alcaldias-deben-alinearse-al-1x10-del-buen-gobierno\/","title":{"rendered":"Gobernaciones y Alcald\u00edas deben alinearse al 1&#215;10 del Buen Gobierno"},"content":{"rendered":"\n<p><strong>Palacio Blanco, Caracas.- <\/strong>Al recalcar que el 1&#215;10 del Buen Gobierno \u201cha logrado remover las telara\u00f1as del burocratismo\u201d, el presidente de la Rep\u00fablica, Nicol\u00e1s Maduro, exhort\u00f3 a ministros, gobernadores y alcaldes a \u201cponerse al servicio del Poder Popular\u201d para elevar los niveles de eficiencia en la atenci\u00f3n de las demandas del pueblo.<\/p>\n\n\n\n<p>\u201cTodos los ministros, ministras, gobernadores, gobernadoras, alcaldes y alcaldesas tienen que ponerse al servicio del 1&#215;10 del Buen Gobierno, esa es la prioridad de esta etapa de la Revoluci\u00f3n Bolivariana. No hay otra\u201d, enfatiz\u00f3, al tiempo que exhort\u00f3 a aplicar la metodolog\u00eda de gesti\u00f3n \u201cen el informe diario, en el trabajo diario, en la planificaci\u00f3n y el despliegue permanente de los equipos de gobierno\u201d.<\/p>\n\n\n\n<p>Desde el Puesto de Comando Presidencial del 1&#215;10 del Buen Gobierno, ubicado en el Palacio Blanco, subray\u00f3 la necesidad de \u201ctener las prioridades claras\u201d en aras de unir en una sola acci\u00f3n \u201clas capacidades f\u00edsicas, financieras, log\u00edsticas y profesionales\u201d que impacten positivamente en los sectores priorizados: agua, educaci\u00f3n, salud, electricidad, gas y telecomunicaciones.<\/p>\n\n\n\n<p>Precisamente, el abordaje de las prioridades a partir de las solicitudes elevadas en el 1&#215;10 del Buen Gobierno se refleja en el estado Carabobo, donde este viernes entr\u00f3 en funcionamiento el programa de atenci\u00f3n primaria de salud 0800-BIGOTE.<\/p>\n\n\n\n<p>\u201cEs una herramienta para seguir dando soluciones al 1&#215;10 del Buen Gobierno, ser\u00e1 una respuesta r\u00e1pida, en tiempo real a las solicitudes del VenApp en materia de salud\u201d, destac\u00f3 el gobernador del estado Carabobo, Rafael Lacava.<\/p>\n\n\n\n<p>El programa 0800-BIGOTE cuenta con 100 ambulancias, de las cuales 40 est\u00e1n destinadas a traslados para los 14 municipios (incluidas 2 UCI Adultos y 2 UCI Neonatal) y 60 para despliegues de salud preventiva en las especialidades de pediatr\u00eda, geriatr\u00eda, cardiolog\u00eda, ginecolog\u00eda, urolog\u00eda y medicina interna.<\/p>\n\n\n\n<p>Lacava detall\u00f3 que 0800-BIGOTE cuenta con un Centro de Llamadas, encargada de la recepci\u00f3n y caracterizaci\u00f3n de solicitudes de acuerdo al caso de salud y ubicaci\u00f3n del paciente.<\/p>\n\n\n\n<p>Asimismo, el servicio de atenci\u00f3n de salud est\u00e1 integrado por una n\u00f3mina de 765 personas, entre ellos m\u00e9dicos generales, m\u00e9dicos especialistas, enfermeras, param\u00e9dicos y personal log\u00edstico-administrativo.<\/p>\n\n\n\n<p>A partir de la experiencia de 0800-BIGOTE, el jefe de Estado encomend\u00f3 a la vicepresidenta de la Rep\u00fablica, Delcy Rodr\u00edguez, y la ministra del Poder Popular para la Salud, Magaly Guti\u00e9rrez, evaluar el desarrollo de la iniciativa y \u201cver qu\u00e9 podemos replicar en los estados del pa\u00eds para impactar en la eficiencia y funcionamiento de Barrio Adentro\u201d.<\/p>\n\n\n\n<p>\u201cVamos a estar monitoreando el funcionamiento de esta iniciativa maravillosa que ha surgido en el 1&#215;10 del buen gobierno en su aplicaci\u00f3n pr\u00e1ctica\u201d, puntualiz\u00f3.<\/p>\n\n\n\n<p><strong>Prensa Presidencial \/ Karelis Gonz\u00e1lez<\/strong><\/p>\n","protected":false},"excerpt":{"rendered":"<p>Palacio Blanco, Caracas.- Al recalcar que el 1&#215;10 del Buen Gobierno \u201cha logrado remover las telara\u00f1as del burocratismo\u201d, el presidente de la Rep\u00fablica, Nicol\u00e1s Maduro, exhort\u00f3 a ministros, gobernadores y alcaldes a \u201cponerse al servicio del Poder Popular\u201d para elevar los niveles de eficiencia en la atenci\u00f3n de las demandas del pueblo. \u201cTodos los ministros, [&hellip;]<\/p>\n","protected":false},"author":6,"featured_media":5270,"comment_status":"open","ping_status":"open","sticky":false,"template":"","format":"standard","meta":{"footnotes":""},"categories":[18,7],"tags":[30,19,27,20],"class_list":["post-5269","post","type-post","status-publish","format-standard","has-post-thumbnail","hentry","category-noticias-principales","category-notas-de-prensa","tag-destacado","tag-nicolas-maduro","tag-revolucion-bolivariana","tag-venezuela"],"_links":{"self":[{"href":"https:\/\/prensapresidencialvenezuela.gob.ve\/index.php\/wp-json\/wp\/v2\/posts\/5269","targetHints":{"allow":["GET"]}}],"collection":[{"href":"https:\/\/prensapresidencialvenezuela.gob.ve\/index.php\/wp-json\/wp\/v2\/posts"}],"about":[{"href":"https:\/\/prensapresidencialvenezuela.gob.ve\/index.php\/wp-json\/wp\/v2\/types\/post"}],"author":[{"embeddable":true,"href":"https:\/\/prensapresidencialvenezuela.gob.ve\/index.php\/wp-json\/wp\/v2\/users\/6"}],"replies":[{"embeddable":true,"href":"https:\/\/prensapresidencialvenezuela.gob.ve\/index.php\/wp-json\/wp\/v2\/comments?post=5269"}],"version-history":[{"count":1,"href":"https:\/\/prensapresidencialvenezuela.gob.ve\/index.php\/wp-json\/wp\/v2\/posts\/5269\/revisions"}],"predecessor-version":[{"id":5271,"href":"https:\/\/prensapresidencialvenezuela.gob.ve\/index.php\/wp-json\/wp\/v2\/posts\/5269\/revisions\/5271"}],"wp:featuredmedia":[{"embeddable":true,"href":"https:\/\/prensapresidencialvenezuela.gob.ve\/index.php\/wp-json\/wp\/v2\/media\/5270"}],"wp:attachment":[{"href":"https:\/\/prensapresidencialvenezuela.gob.ve\/index.php\/wp-json\/wp\/v2\/media?parent=5269"}],"wp:term":[{"taxonomy":"category","embeddable":true,"href":"https:\/\/prensapresidencialvenezuela.gob.ve\/index.php\/wp-json\/wp\/v2\/categories?post=5269"},{"taxonomy":"post_tag","embeddable":true,"href":"https:\/\/prensapresidencialvenezuela.gob.ve\/index.php\/wp-json\/wp\/v2\/tags?post=5269"}],"curies":[{"name":"wp","href":"https:\/\/api.w.org\/{rel}","templated":true}]}}