{"id":5295,"date":"2023-05-24T07:05:00","date_gmt":"2023-05-24T07:05:00","guid":{"rendered":"http:\/\/172.27.0.121\/?p=5295"},"modified":"2023-05-24T16:43:27","modified_gmt":"2023-05-24T16:43:27","slug":"ii-foro-economico-euroasiatico-debe-conducir-a-la-creacion-de-un-mecanismo-financiero-justo","status":"publish","type":"post","link":"https:\/\/prensapresidencialvenezuela.gob.ve\/index.php\/2023\/05\/24\/ii-foro-economico-euroasiatico-debe-conducir-a-la-creacion-de-un-mecanismo-financiero-justo\/","title":{"rendered":"II Foro Econ\u00f3mico Euroasi\u00e1tico debe conducir a la creaci\u00f3n de un mecanismo financiero justo"},"content":{"rendered":"\n<p><strong>Palacio de Miraflores, Caracas.-<\/strong>\u00a0El debate del II Foro Econ\u00f3mico Euroasi\u00e1tico, que se desarrolla este 24 y 25 de mayo en Rusia, debe conducir a la creaci\u00f3n de un \u201cnuevo mecanismo financiero internacional que d\u00e9 al comercio verdaderas libertades para su expansi\u00f3n\u201d, plante\u00f3 la vicepresidente de la Rep\u00fablica, Delcy Rodr\u00edguez.<\/p>\n\n\n\n<p>A trav\u00e9s de un mensaje audiovisual, enfatiz\u00f3 la necesidad de reflexionar sobre un nuevo esquema financiero basado en \u201cun comercio justo, compensado y que permita a los pa\u00edses relacionarse de forma menos presionada por la hegemon\u00eda que ejerce Estados Unidos\u201d, dado que esta condici\u00f3n de supremac\u00eda le ha permitido \u201cafectar a cientos de miles de habitantes en este planeta de forma extorsiva\u201d por el chantaje que supone el dominio del d\u00f3lar.<\/p>\n\n\n\n<p>Rodr\u00edguez reiter\u00f3 que, bajo este escenario, debe surgir \u201cun comercio justo, una moneda que sirva a la humanidad y no solamente al hegem\u00f3n\u201d.<\/p>\n\n\n\n<p>En este sentido, subray\u00f3 el rol protag\u00f3nico de los pa\u00edses BRICS (Brasil, Rusia, India, China y Sud\u00e1frica) en la configuraci\u00f3n de una nueva ingenier\u00eda financiera internacional que d\u00e9 pie a \u201cun andamiaje financiero internacional que permita realmente dar libertad a las relaciones econ\u00f3micas, comerciales y financieras\u201d.<\/p>\n\n\n\n<p>En nombre del Gobierno Nacional, la vicepresidenta Rodr\u00edguez extendi\u00f3 el respaldo del pueblo venezolano a las iniciativas que apuntan a la construcci\u00f3n de un mundo de equilibrio, respetuoso del derecho internacional y que preserve la integridad del planeta.<\/p>\n\n\n\n<p><strong>Prensa Presidencial \/ Karelis Gonz\u00e1lez<\/strong><\/p>\n","protected":false},"excerpt":{"rendered":"<p>Palacio de Miraflores, Caracas.-\u00a0El debate del II Foro Econ\u00f3mico Euroasi\u00e1tico, que se desarrolla este 24 y 25 de mayo en Rusia, debe conducir a la creaci\u00f3n de un \u201cnuevo mecanismo financiero internacional que d\u00e9 al comercio verdaderas libertades para su expansi\u00f3n\u201d, plante\u00f3 la vicepresidente de la Rep\u00fablica, Delcy Rodr\u00edguez. A trav\u00e9s de un mensaje audiovisual, [&hellip;]<\/p>\n","protected":false},"author":6,"featured_media":5296,"comment_status":"open","ping_status":"open","sticky":false,"template":"","format":"standard","meta":{"footnotes":""},"categories":[7],"tags":[125,122,124],"class_list":["post-5295","post","type-post","status-publish","format-standard","has-post-thumbnail","hentry","category-notas-de-prensa","tag-brics","tag-delcy-rodriguez","tag-foro-economico-euroasiatico"],"_links":{"self":[{"href":"https:\/\/prensapresidencialvenezuela.gob.ve\/index.php\/wp-json\/wp\/v2\/posts\/5295","targetHints":{"allow":["GET"]}}],"collection":[{"href":"https:\/\/prensapresidencialvenezuela.gob.ve\/index.php\/wp-json\/wp\/v2\/posts"}],"about":[{"href":"https:\/\/prensapresidencialvenezuela.gob.ve\/index.php\/wp-json\/wp\/v2\/types\/post"}],"author":[{"embeddable":true,"href":"https:\/\/prensapresidencialvenezuela.gob.ve\/index.php\/wp-json\/wp\/v2\/users\/6"}],"replies":[{"embeddable":true,"href":"https:\/\/prensapresidencialvenezuela.gob.ve\/index.php\/wp-json\/wp\/v2\/comments?post=5295"}],"version-history":[{"count":1,"href":"https:\/\/prensapresidencialvenezuela.gob.ve\/index.php\/wp-json\/wp\/v2\/posts\/5295\/revisions"}],"predecessor-version":[{"id":5297,"href":"https:\/\/prensapresidencialvenezuela.gob.ve\/index.php\/wp-json\/wp\/v2\/posts\/5295\/revisions\/5297"}],"wp:featuredmedia":[{"embeddable":true,"href":"https:\/\/prensapresidencialvenezuela.gob.ve\/index.php\/wp-json\/wp\/v2\/media\/5296"}],"wp:attachment":[{"href":"https:\/\/prensapresidencialvenezuela.gob.ve\/index.php\/wp-json\/wp\/v2\/media?parent=5295"}],"wp:term":[{"taxonomy":"category","embeddable":true,"href":"https:\/\/prensapresidencialvenezuela.gob.ve\/index.php\/wp-json\/wp\/v2\/categories?post=5295"},{"taxonomy":"post_tag","embeddable":true,"href":"https:\/\/prensapresidencialvenezuela.gob.ve\/index.php\/wp-json\/wp\/v2\/tags?post=5295"}],"curies":[{"name":"wp","href":"https:\/\/api.w.org\/{rel}","templated":true}]}}