{"id":5298,"date":"2023-05-24T22:39:38","date_gmt":"2023-05-24T22:39:38","guid":{"rendered":"http:\/\/172.27.0.121\/?p=5298"},"modified":"2023-05-24T22:39:38","modified_gmt":"2023-05-24T22:39:38","slug":"presidente-maduro-ofrece-balance-de-la-mision-venezuela-bella","status":"publish","type":"post","link":"https:\/\/prensapresidencialvenezuela.gob.ve\/index.php\/2023\/05\/24\/presidente-maduro-ofrece-balance-de-la-mision-venezuela-bella\/","title":{"rendered":"Presidente Maduro ofrece balance de la Misi\u00f3n Venezuela Bella"},"content":{"rendered":"\n<p><strong>Parque General\u00edsimo Francisco de Miranda, estado Miranda.-&nbsp;<\/strong>Este mi\u00e9rcoles, el presidente de la Rep\u00fablica, Nicol\u00e1s Maduro, ofrece un balance de la Misi\u00f3n Venezuela Bella, la cual tiene como objetivo recuperar y embellecer espacios p\u00fablicos de las principales ciudades del pa\u00eds.<\/p>\n\n\n\n<p>Durante una jornada de trabajo desde el Parque General\u00edsimo Francisco de Miranda, ubicado en el estado Miranda, el Dignatario informa los logros que se han consolidado hasta la fecha, al tiempo que destaca que esta importante misi\u00f3n ha permitido un cambio global en las infraestructuras, servicios p\u00fablicos y est\u00e9tica de las ciudades y comunidades del pa\u00eds.<\/p>\n\n\n\n<p>M\u00e1s temprano, a trav\u00e9s de su cuenta en la red social Twitter @NicolasMaduro, el Jefe de Estado expres\u00f3 que \u201cla Misi\u00f3n Venezuela Bella es una de las muestras de que s\u00ed se puede hacer mucho con poco. Hoy contamos con una gran fortaleza que se traduce en m\u00e1s espacios recuperados para el vivir viviendo del Pueblo. \u00a1Vamos por m\u00e1s!\u201d.<\/p>\n\n\n\n<p>Desde el a\u00f1o 2019, la Misi\u00f3n Venezuela Bella ha logrado la recuperaci\u00f3n de espacios recreativos, plazas, parques, ciudades e iglesias cat\u00f3licas y cristianas del territorio nacional. En esta l\u00ednea, en enero pasado, el Presidente Nicol\u00e1s Maduro orden\u00f3 su despliegue en las universidades para recuperar su infraestrura, espacios comunes y art\u00edsticos.<\/p>\n\n\n\n<p>Acompa\u00f1an al Mandatario nacional, H\u00e9ctor Rodr\u00edguez, gobernador del estado Miranda, Josu\u00e9 Lorca, ministro del Poder Popular para el Ecosocialismo, Jacqueline Far\u00eda, presidenta de la Misi\u00f3n Venezuela Bella, entre otras autoridades e invitados especiales.<\/p>\n\n\n\n<p>La Misi\u00f3n Venezuela Bella prioriz\u00f3 en sus primeros meses la intervenci\u00f3n de 62 ciudades mediante la ejecuci\u00f3n de 572 proyectos destinados a la transformaci\u00f3n de espacios p\u00fablicos para garantizar la calidad de vida de los venezolanos.<\/p>\n\n\n\n<p><strong>Prensa Presidencial \/ Joelin Jim\u00e9nez<\/strong><\/p>\n","protected":false},"excerpt":{"rendered":"<p>Parque General\u00edsimo Francisco de Miranda, estado Miranda.-&nbsp;Este mi\u00e9rcoles, el presidente de la Rep\u00fablica, Nicol\u00e1s Maduro, ofrece un balance de la Misi\u00f3n Venezuela Bella, la cual tiene como objetivo recuperar y embellecer espacios p\u00fablicos de las principales ciudades del pa\u00eds. Durante una jornada de trabajo desde el Parque General\u00edsimo Francisco de Miranda, ubicado en el estado [&hellip;]<\/p>\n","protected":false},"author":6,"featured_media":5299,"comment_status":"open","ping_status":"open","sticky":false,"template":"","format":"standard","meta":{"footnotes":""},"categories":[18,7],"tags":[19],"class_list":["post-5298","post","type-post","status-publish","format-standard","has-post-thumbnail","hentry","category-noticias-principales","category-notas-de-prensa","tag-nicolas-maduro"],"_links":{"self":[{"href":"https:\/\/prensapresidencialvenezuela.gob.ve\/index.php\/wp-json\/wp\/v2\/posts\/5298","targetHints":{"allow":["GET"]}}],"collection":[{"href":"https:\/\/prensapresidencialvenezuela.gob.ve\/index.php\/wp-json\/wp\/v2\/posts"}],"about":[{"href":"https:\/\/prensapresidencialvenezuela.gob.ve\/index.php\/wp-json\/wp\/v2\/types\/post"}],"author":[{"embeddable":true,"href":"https:\/\/prensapresidencialvenezuela.gob.ve\/index.php\/wp-json\/wp\/v2\/users\/6"}],"replies":[{"embeddable":true,"href":"https:\/\/prensapresidencialvenezuela.gob.ve\/index.php\/wp-json\/wp\/v2\/comments?post=5298"}],"version-history":[{"count":1,"href":"https:\/\/prensapresidencialvenezuela.gob.ve\/index.php\/wp-json\/wp\/v2\/posts\/5298\/revisions"}],"predecessor-version":[{"id":5300,"href":"https:\/\/prensapresidencialvenezuela.gob.ve\/index.php\/wp-json\/wp\/v2\/posts\/5298\/revisions\/5300"}],"wp:featuredmedia":[{"embeddable":true,"href":"https:\/\/prensapresidencialvenezuela.gob.ve\/index.php\/wp-json\/wp\/v2\/media\/5299"}],"wp:attachment":[{"href":"https:\/\/prensapresidencialvenezuela.gob.ve\/index.php\/wp-json\/wp\/v2\/media?parent=5298"}],"wp:term":[{"taxonomy":"category","embeddable":true,"href":"https:\/\/prensapresidencialvenezuela.gob.ve\/index.php\/wp-json\/wp\/v2\/categories?post=5298"},{"taxonomy":"post_tag","embeddable":true,"href":"https:\/\/prensapresidencialvenezuela.gob.ve\/index.php\/wp-json\/wp\/v2\/tags?post=5298"}],"curies":[{"name":"wp","href":"https:\/\/api.w.org\/{rel}","templated":true}]}}