{"id":5301,"date":"2023-05-24T22:42:41","date_gmt":"2023-05-24T22:42:41","guid":{"rendered":"http:\/\/172.27.0.121\/?p=5301"},"modified":"2023-05-24T22:42:41","modified_gmt":"2023-05-24T22:42:41","slug":"buque-leander-ha-sido-restaurado-para-el-disfrute-de-los-venezolanos","status":"publish","type":"post","link":"https:\/\/prensapresidencialvenezuela.gob.ve\/index.php\/2023\/05\/24\/buque-leander-ha-sido-restaurado-para-el-disfrute-de-los-venezolanos\/","title":{"rendered":"Buque Leander ha sido restaurado para el disfrute de los venezolanos"},"content":{"rendered":"\n<p><strong>Parque General\u00edsimo Francisco de Miranda, estado Miranda.-<\/strong>&nbsp;El presidente de la Rep\u00fablica, Nicol\u00e1s Maduro, destac\u00f3 la restauraci\u00f3n de la r\u00e9plica del buque Leander, ubicado en el Parque General\u00edsimo Francisco de Miranda, ubicado en el estado Miranda, para el disfrute del pueblo venezolano.<\/p>\n\n\n\n<p>\u00abTenemos en nuestra presencia este barco maravilloso que ha sido restaurado, el barco de nuestro General\u00edsimo de la Patria, Francisco de Miranda. Ha sido restaurado de manera milim\u00e9trica, detalle a detalle, y ahora est\u00e1 abierto al p\u00fablico para que usted traiga a sus ni\u00f1os y ni\u00f1as\u00bb, acot\u00f3 este mi\u00e9rcoles durante jornada de trabajo de la Misi\u00f3n Venezuela Bella.<\/p>\n\n\n\n<p>Al respecto, Carlos Vicente Torrealba, quien dirigi\u00f3 la restauraci\u00f3n del barco, se\u00f1al\u00f3 que este proyecto recrea el buque que fue usado por Francisco de Miranda en 1806. \u00abNos habla de la importancia de la historia, porque fue el primer barco en surcar aguas por la independencia de los pueblos\u00bb, puntualiz\u00f3.<\/p>\n\n\n\n<p>La restauraci\u00f3n fue realizada con madera venezolana y mano de obra nacional en la que 160 personas trabajaron durante nueve meses, comenzando en el mes de abril 2022 y terminando en diciembre de ese a\u00f1o, utilizando 700 metros c\u00fabicos de madera, en cuatro pisos o cubiertas, donde se exponen c\u00f3mo era la vida dentro del barco en 1806.<\/p>\n\n\n\n<p><strong>Prensa Presidencial \/ Karla Cotoret<\/strong><\/p>\n","protected":false},"excerpt":{"rendered":"<p>Parque General\u00edsimo Francisco de Miranda, estado Miranda.-&nbsp;El presidente de la Rep\u00fablica, Nicol\u00e1s Maduro, destac\u00f3 la restauraci\u00f3n de la r\u00e9plica del buque Leander, ubicado en el Parque General\u00edsimo Francisco de Miranda, ubicado en el estado Miranda, para el disfrute del pueblo venezolano. \u00abTenemos en nuestra presencia este barco maravilloso que ha sido restaurado, el barco de [&hellip;]<\/p>\n","protected":false},"author":6,"featured_media":5302,"comment_status":"open","ping_status":"open","sticky":false,"template":"","format":"standard","meta":{"footnotes":""},"categories":[18,7],"tags":[],"class_list":["post-5301","post","type-post","status-publish","format-standard","has-post-thumbnail","hentry","category-noticias-principales","category-notas-de-prensa"],"_links":{"self":[{"href":"https:\/\/prensapresidencialvenezuela.gob.ve\/index.php\/wp-json\/wp\/v2\/posts\/5301","targetHints":{"allow":["GET"]}}],"collection":[{"href":"https:\/\/prensapresidencialvenezuela.gob.ve\/index.php\/wp-json\/wp\/v2\/posts"}],"about":[{"href":"https:\/\/prensapresidencialvenezuela.gob.ve\/index.php\/wp-json\/wp\/v2\/types\/post"}],"author":[{"embeddable":true,"href":"https:\/\/prensapresidencialvenezuela.gob.ve\/index.php\/wp-json\/wp\/v2\/users\/6"}],"replies":[{"embeddable":true,"href":"https:\/\/prensapresidencialvenezuela.gob.ve\/index.php\/wp-json\/wp\/v2\/comments?post=5301"}],"version-history":[{"count":1,"href":"https:\/\/prensapresidencialvenezuela.gob.ve\/index.php\/wp-json\/wp\/v2\/posts\/5301\/revisions"}],"predecessor-version":[{"id":5303,"href":"https:\/\/prensapresidencialvenezuela.gob.ve\/index.php\/wp-json\/wp\/v2\/posts\/5301\/revisions\/5303"}],"wp:featuredmedia":[{"embeddable":true,"href":"https:\/\/prensapresidencialvenezuela.gob.ve\/index.php\/wp-json\/wp\/v2\/media\/5302"}],"wp:attachment":[{"href":"https:\/\/prensapresidencialvenezuela.gob.ve\/index.php\/wp-json\/wp\/v2\/media?parent=5301"}],"wp:term":[{"taxonomy":"category","embeddable":true,"href":"https:\/\/prensapresidencialvenezuela.gob.ve\/index.php\/wp-json\/wp\/v2\/categories?post=5301"},{"taxonomy":"post_tag","embeddable":true,"href":"https:\/\/prensapresidencialvenezuela.gob.ve\/index.php\/wp-json\/wp\/v2\/tags?post=5301"}],"curies":[{"name":"wp","href":"https:\/\/api.w.org\/{rel}","templated":true}]}}