{"id":5337,"date":"2023-05-25T19:26:00","date_gmt":"2023-05-25T19:26:00","guid":{"rendered":"http:\/\/172.27.0.121\/?p=5337"},"modified":"2023-05-25T23:27:38","modified_gmt":"2023-05-25T23:27:38","slug":"instalaran-comision-presidencial-para-afrontar-amenazas-del-fenomeno-el-nino","status":"publish","type":"post","link":"https:\/\/prensapresidencialvenezuela.gob.ve\/index.php\/2023\/05\/25\/instalaran-comision-presidencial-para-afrontar-amenazas-del-fenomeno-el-nino\/","title":{"rendered":"Instalar\u00e1n Comisi\u00f3n Presidencial para afrontar amenazas del fen\u00f3meno El Ni\u00f1o"},"content":{"rendered":"\n<p><strong>Palacio de Miraflores, Caracas. \u2013<\/strong>\u00a0Comisi\u00f3n Presidencial para afrontar los peligros y amenazas del fen\u00f3meno El Ni\u00f1o contra la poblaci\u00f3n venezolana ser\u00e1 liderada por la vicepresidenta Ejecutiva de la Rep\u00fablica, Delcy Rodr\u00edguez, anunci\u00f3 el presidente de la Rep\u00fablica Bolivariana de Venezuela, Nicol\u00e1s Maduro.<\/p>\n\n\n\n<p>En esa l\u00ednea, el jefe de Estado inst\u00f3 a las autoridades p\u00fablicas, Gobernaciones y Alcald\u00edas colocar en sus agendas de trabajo (2023 -2024) el tema del fen\u00f3meno del Ni\u00f1o y su impacto nacional, regional y local.<\/p>\n\n\n\n<p>Durante la activaci\u00f3n de la \u201cFuerza de Tarea Andes 2003\u201d, el director del Instituto Nacional de Meteorolog\u00eda e Hidrolog\u00eda (Inameh), Jos\u00e9 Pereira, detall\u00f3 que este fen\u00f3meno es consecuencia de la crisis clim\u00e1tica y se erige como \u201cun calentamiento de casi todo el Pac\u00edfico Sur, lo que implica alrededor de 2 mil kil\u00f3metros, cerca de las costas de Suram\u00e9rica que origina lluvias torrenciales en zonas que normalmente son secas\u201d.<\/p>\n\n\n\n<p>Para trabajar de cara a estas situaciones, refiri\u00f3 que el Inameh cuenta con un monitor de sequ\u00eda junto con los pa\u00edses de la Comunidad Andina, mediante el cual se toman cinco variables: temperatura, precipitaci\u00f3n, cobertura de vegetaci\u00f3n, temperatura del suelo y la humedad.<\/p>\n\n\n\n<p>\u201cVenezuela es el pa\u00eds que ya ha desarrollado su monitor de sequ\u00eda y nos permite tener preparada, tres meses antes, una se\u00f1al de que las precipitaciones bajen\u201d, esboz\u00f3 como una bondad de este monitor para hacer frente al fen\u00f3meno.<\/p>\n\n\n\n<p>En esta transmisi\u00f3n presidencial, tambi\u00e9n la alcaldesa de la ciudad de Caracas, Carmen Mel\u00e9ndez, comparti\u00f3 aspectos relacionados al trabajo de preparaci\u00f3n de la capital de la Rep\u00fablica en \u00e9poca de lluvias.<\/p>\n\n\n\n<p>Mel\u00e9ndez sostuvo que est\u00e1n activados los Estados Mayores de riesgo en todos los estados del pa\u00eds y espec\u00edficamente en Caracas se ha realizado un trabajo preventivo en las 137 quebradas.<\/p>\n\n\n\n<p><strong>Prensa Presidencial \/ Ana\u00eds P\u00e9rez<\/strong><\/p>\n","protected":false},"excerpt":{"rendered":"<p>Palacio de Miraflores, Caracas. \u2013\u00a0Comisi\u00f3n Presidencial para afrontar los peligros y amenazas del fen\u00f3meno El Ni\u00f1o contra la poblaci\u00f3n venezolana ser\u00e1 liderada por la vicepresidenta Ejecutiva de la Rep\u00fablica, Delcy Rodr\u00edguez, anunci\u00f3 el presidente de la Rep\u00fablica Bolivariana de Venezuela, Nicol\u00e1s Maduro. En esa l\u00ednea, el jefe de Estado inst\u00f3 a las autoridades p\u00fablicas, Gobernaciones [&hellip;]<\/p>\n","protected":false},"author":6,"featured_media":5338,"comment_status":"open","ping_status":"open","sticky":false,"template":"","format":"standard","meta":{"footnotes":""},"categories":[18,7],"tags":[19],"class_list":["post-5337","post","type-post","status-publish","format-standard","has-post-thumbnail","hentry","category-noticias-principales","category-notas-de-prensa","tag-nicolas-maduro"],"_links":{"self":[{"href":"https:\/\/prensapresidencialvenezuela.gob.ve\/index.php\/wp-json\/wp\/v2\/posts\/5337","targetHints":{"allow":["GET"]}}],"collection":[{"href":"https:\/\/prensapresidencialvenezuela.gob.ve\/index.php\/wp-json\/wp\/v2\/posts"}],"about":[{"href":"https:\/\/prensapresidencialvenezuela.gob.ve\/index.php\/wp-json\/wp\/v2\/types\/post"}],"author":[{"embeddable":true,"href":"https:\/\/prensapresidencialvenezuela.gob.ve\/index.php\/wp-json\/wp\/v2\/users\/6"}],"replies":[{"embeddable":true,"href":"https:\/\/prensapresidencialvenezuela.gob.ve\/index.php\/wp-json\/wp\/v2\/comments?post=5337"}],"version-history":[{"count":1,"href":"https:\/\/prensapresidencialvenezuela.gob.ve\/index.php\/wp-json\/wp\/v2\/posts\/5337\/revisions"}],"predecessor-version":[{"id":5339,"href":"https:\/\/prensapresidencialvenezuela.gob.ve\/index.php\/wp-json\/wp\/v2\/posts\/5337\/revisions\/5339"}],"wp:featuredmedia":[{"embeddable":true,"href":"https:\/\/prensapresidencialvenezuela.gob.ve\/index.php\/wp-json\/wp\/v2\/media\/5338"}],"wp:attachment":[{"href":"https:\/\/prensapresidencialvenezuela.gob.ve\/index.php\/wp-json\/wp\/v2\/media?parent=5337"}],"wp:term":[{"taxonomy":"category","embeddable":true,"href":"https:\/\/prensapresidencialvenezuela.gob.ve\/index.php\/wp-json\/wp\/v2\/categories?post=5337"},{"taxonomy":"post_tag","embeddable":true,"href":"https:\/\/prensapresidencialvenezuela.gob.ve\/index.php\/wp-json\/wp\/v2\/tags?post=5337"}],"curies":[{"name":"wp","href":"https:\/\/api.w.org\/{rel}","templated":true}]}}