{"id":5340,"date":"2023-05-25T19:27:00","date_gmt":"2023-05-25T19:27:00","guid":{"rendered":"http:\/\/172.27.0.121\/?p=5340"},"modified":"2023-05-25T23:46:37","modified_gmt":"2023-05-25T23:46:37","slug":"ejecutivo-activo-fuerza-de-tarea-andes-2023","status":"publish","type":"post","link":"https:\/\/prensapresidencialvenezuela.gob.ve\/index.php\/2023\/05\/25\/ejecutivo-activo-fuerza-de-tarea-andes-2023\/","title":{"rendered":"Ejecutivo activa \u201cFuerza de Tarea Andes 2023\u201d"},"content":{"rendered":"\n<p><strong>Palacio de Miraflores, Caracas.-<\/strong> Desde el Puesto de Comando Presidencial, ubicado en el Palacio de Miraflores, este jueves el presidente de la Rep\u00fablica Bolivariana de Venezuela, Nicol\u00e1s Maduro Moros, activ\u00f3 el plan \u201cFuerza de Tarea Andes 2023\u201d con el objetivo de atender de manera integral las situaciones generadas por las recientes precipitaciones en M\u00e9rida, T\u00e1chira y Trujillo.<\/p>\n\n\n\n<p>A trav\u00e9s de un enlace televisivo a la ciudad de El Vig\u00eda, en el estado M\u00e9rida, N\u00e9stor Reverol, vicepresidente de Obras P\u00fablicas y Servicios, explic\u00f3 que este plan consta de tres vertientes, siendo la primera de ellas la fuerza de tarea de infraestructura y servicios, para lo cual se hizo entrega de 85 maquinarias y equipos, cementos y materiales necesarios para recuperar la vialidad, fallas de borde, adem\u00e1s de la activaci\u00f3n de los servicios p\u00fablicos (electricidad y agua) en la entidad andina.<\/p>\n\n\n\n<p>Esta fuerza de tarea tiene la posibilidad de administrar las maquinarias y equipos que se encuentran en la regi\u00f3n (T\u00e1chira, M\u00e9rida y Trujillo). Asimismo, inform\u00f3 que este plan podr\u00e1 para ser aplicado en cualquier regi\u00f3n del pa\u00eds ante la llegada de la temporada de lluvias..<\/p>\n\n\n\n<p>Como segundo v\u00e9rtice, se encuentra la fuerza de tarea humanitaria la cual se encargar\u00e1 de las evaluaciones de los da\u00f1os, an\u00e1lisis de necesidades presentes en la regi\u00f3n \u201cal momento de una situaci\u00f3n sobrevenida para garantizar la atenci\u00f3n integral en las comunidades\u201d.<\/p>\n\n\n\n<p>El tercer v\u00e9rtice se caracteriza por la instalaci\u00f3n de un Comit\u00e9 T\u00e9cnico-Cient\u00edfico de Evaluaci\u00f3n de la Crisis del Cambio Clim\u00e1tico, cuyo prop\u00f3sito ser\u00e1 estudiar los fen\u00f3menos meteorol\u00f3gicos, la sedimentaci\u00f3n de los r\u00edos, adem\u00e1s de los proyectos vinculados a las cuencas y afluentes de las entidades andinas.<\/p>\n\n\n\n<p>La Fuerza de Tarea estar\u00e1 distribuida por ejes territoriales en la regi\u00f3n de Los Andes. En M\u00e9rida, particularmente, se encuentran instalados 5 ejes territoriales (Mocot\u00edes, Panamericano, El P\u00e1ramo, Sur del Lago y los Pueblos del Sur) a fin de unir esfuerzos para cumplir con las situaciones de la zona.<\/p>\n\n\n\n<p>Es importante acotar que esta instancia trabajar\u00e1 articuladamente con la Fuerza Armada Nacional Bolivariana (FANB), consejos comunales, Protecci\u00f3n Civil, Bomberos y los organismos de seguridad de cada regi\u00f3n.<\/p>\n\n\n\n<p><strong>T\u00e1chira y Trujillo, alertas ante las lluvias<\/strong><\/p>\n\n\n\n<p>Por su parte, Freddy Bernal, gobernador del estado T\u00e1chira detall\u00f3 que la entidad andina se encuentra en la fase de alerta. \u201cTenemos instalados 70 pluvi\u00f3metros que nos dan una alerta temprana de la cantidad de lluvia para poder desalojar, si fuera necesario\u201d.<\/p>\n\n\n\n<p>Bernal asegur\u00f3 que la fase de mantenimiento se realiza desde el mes de diciembre \u201ccon la limpieza de cunetas, dragado de los r\u00edos para tratar de minimizar el impacto de las precipitaciones en la regi\u00f3n\u201d.<\/p>\n\n\n\n<p>Finalmente, en el estado Trujillo se ha logrado la recuperaci\u00f3n del 80% de las fallas de borde, adem\u00e1s de la construcci\u00f3n de las principales v\u00edas de la entidad con el prop\u00f3sito de garantizar la atenci\u00f3n de las comunidades de manera oportuna ante las lluvias.<\/p>\n\n\n\n<p>\u201cDesde el Puesto de Comando Presidencial estamos alertas las 24 horas articulados con las autoridades regionales del pa\u00eds y los organismos de seguridad, adem\u00e1s de mantener informado al pueblo venezolano\u201d, subray\u00f3 el Jefe de Estado.<\/p>\n\n\n\n<p><strong>Prensa Presidencial \/ Joelin Jim\u00e9nez<\/strong><\/p>\n","protected":false},"excerpt":{"rendered":"<p>Palacio de Miraflores, Caracas.- Desde el Puesto de Comando Presidencial, ubicado en el Palacio de Miraflores, este jueves el presidente de la Rep\u00fablica Bolivariana de Venezuela, Nicol\u00e1s Maduro Moros, activ\u00f3 el plan \u201cFuerza de Tarea Andes 2023\u201d con el objetivo de atender de manera integral las situaciones generadas por las recientes precipitaciones en M\u00e9rida, T\u00e1chira [&hellip;]<\/p>\n","protected":false},"author":6,"featured_media":5341,"comment_status":"open","ping_status":"open","sticky":false,"template":"","format":"standard","meta":{"footnotes":""},"categories":[18,7],"tags":[],"class_list":["post-5340","post","type-post","status-publish","format-standard","has-post-thumbnail","hentry","category-noticias-principales","category-notas-de-prensa"],"_links":{"self":[{"href":"https:\/\/prensapresidencialvenezuela.gob.ve\/index.php\/wp-json\/wp\/v2\/posts\/5340","targetHints":{"allow":["GET"]}}],"collection":[{"href":"https:\/\/prensapresidencialvenezuela.gob.ve\/index.php\/wp-json\/wp\/v2\/posts"}],"about":[{"href":"https:\/\/prensapresidencialvenezuela.gob.ve\/index.php\/wp-json\/wp\/v2\/types\/post"}],"author":[{"embeddable":true,"href":"https:\/\/prensapresidencialvenezuela.gob.ve\/index.php\/wp-json\/wp\/v2\/users\/6"}],"replies":[{"embeddable":true,"href":"https:\/\/prensapresidencialvenezuela.gob.ve\/index.php\/wp-json\/wp\/v2\/comments?post=5340"}],"version-history":[{"count":2,"href":"https:\/\/prensapresidencialvenezuela.gob.ve\/index.php\/wp-json\/wp\/v2\/posts\/5340\/revisions"}],"predecessor-version":[{"id":5343,"href":"https:\/\/prensapresidencialvenezuela.gob.ve\/index.php\/wp-json\/wp\/v2\/posts\/5340\/revisions\/5343"}],"wp:featuredmedia":[{"embeddable":true,"href":"https:\/\/prensapresidencialvenezuela.gob.ve\/index.php\/wp-json\/wp\/v2\/media\/5341"}],"wp:attachment":[{"href":"https:\/\/prensapresidencialvenezuela.gob.ve\/index.php\/wp-json\/wp\/v2\/media?parent=5340"}],"wp:term":[{"taxonomy":"category","embeddable":true,"href":"https:\/\/prensapresidencialvenezuela.gob.ve\/index.php\/wp-json\/wp\/v2\/categories?post=5340"},{"taxonomy":"post_tag","embeddable":true,"href":"https:\/\/prensapresidencialvenezuela.gob.ve\/index.php\/wp-json\/wp\/v2\/tags?post=5340"}],"curies":[{"name":"wp","href":"https:\/\/api.w.org\/{rel}","templated":true}]}}