{"id":5360,"date":"2023-05-29T10:40:00","date_gmt":"2023-05-29T10:40:00","guid":{"rendered":"http:\/\/172.27.0.121\/?p=5360"},"modified":"2023-05-31T16:04:55","modified_gmt":"2023-05-31T16:04:55","slug":"venezuela-y-brasil-fortalecen-sus-lazos-para-el-desarrollo-economico-mutuo","status":"publish","type":"post","link":"https:\/\/prensapresidencialvenezuela.gob.ve\/index.php\/2023\/05\/29\/venezuela-y-brasil-fortalecen-sus-lazos-para-el-desarrollo-economico-mutuo\/","title":{"rendered":"Venezuela y Brasil fortalecen sus lazos para el desarrollo econ\u00f3mico mutuo"},"content":{"rendered":"\n<p><strong>Brasilia, Brasil.-<\/strong>&nbsp;La Rep\u00fablica Bolivariana de Venezuela y la Rep\u00fablica Federativa de Brasil fortalecen sus lazos para el desarrollo econ\u00f3mico mutuo durante una reuni\u00f3n entre los dignatarios, Nicol\u00e1s Maduro y Luiz In\u00e1cio Lula da Silva, respectivamente.<\/p>\n\n\n\n<p>El encuentro que se desarrolla en el Palacio de Planalto, ubicado en Brasilia, busca consolidar los nexos de cooperaci\u00f3n y hermandad entre ambas naciones en el marco de la Diplomacia Bolivariana de Paz.<\/p>\n\n\n\n<p>En ese sentido, los Mandatarios abordar\u00e1n los resultados de la reciente misi\u00f3n multidisciplinaria a la capital venezolana, organizada por la Agencia Brasile\u00f1a de Cooperaci\u00f3n (ABC) y que cont\u00f3 con representantes de m\u00e1s de una veintena de organismos gubernamentales brasile\u00f1os. Se prestar\u00e1 especial atenci\u00f3n a los temas fronterizos, con \u00e9nfasis en la protecci\u00f3n de las poblaciones que residen en esta zona, incluidos los pueblos Yanomami.<\/p>\n\n\n\n<p>Finalmente, los dos Jefes de Estado abordar\u00e1n temas de la agenda regional, como la integraci\u00f3n suramericana y la cooperaci\u00f3n amaz\u00f3nica, y de la agenda multilateral, en particular en lo que se refiere a temas de paz y seguridad y cambio clim\u00e1tico.<\/p>\n\n\n\n<p>El comercio bilateral alcanz\u00f3 alrededor de US$ 1,7 mil millones en 2022, con exportaciones brasile\u00f1as de US$ 1,3 mil millones e importaciones de casi US$ 400 millones. Vale recordar que el intercambio entre los dos pa\u00edses alcanz\u00f3 los US$ 6 mil millones en 2013, lo que demuestra el potencial de la relaci\u00f3n y da lugar a la profundizaci\u00f3n del di\u00e1logo con miras a la reanudaci\u00f3n de las alianzas econ\u00f3micas, la complementariedad de las cadenas productivas y la eliminaci\u00f3n de obst\u00e1culos al comercio.<\/p>\n\n\n\n<p>En enero de 2023, con la asunci\u00f3n de Lula da Silva al poder, el Gobierno brasile\u00f1o anunci\u00f3 el restablecimiento de las relaciones diplom\u00e1ticas.<\/p>\n\n\n\n<p><strong>Prensa Presidencial \/ Karla Cotoret<\/strong><\/p>\n","protected":false},"excerpt":{"rendered":"<p>Brasilia, Brasil.-&nbsp;La Rep\u00fablica Bolivariana de Venezuela y la Rep\u00fablica Federativa de Brasil fortalecen sus lazos para el desarrollo econ\u00f3mico mutuo durante una reuni\u00f3n entre los dignatarios, Nicol\u00e1s Maduro y Luiz In\u00e1cio Lula da Silva, respectivamente. El encuentro que se desarrolla en el Palacio de Planalto, ubicado en Brasilia, busca consolidar los nexos de cooperaci\u00f3n y [&hellip;]<\/p>\n","protected":false},"author":6,"featured_media":5361,"comment_status":"open","ping_status":"open","sticky":false,"template":"","format":"standard","meta":{"footnotes":""},"categories":[18,7],"tags":[],"class_list":["post-5360","post","type-post","status-publish","format-standard","has-post-thumbnail","hentry","category-noticias-principales","category-notas-de-prensa"],"_links":{"self":[{"href":"https:\/\/prensapresidencialvenezuela.gob.ve\/index.php\/wp-json\/wp\/v2\/posts\/5360","targetHints":{"allow":["GET"]}}],"collection":[{"href":"https:\/\/prensapresidencialvenezuela.gob.ve\/index.php\/wp-json\/wp\/v2\/posts"}],"about":[{"href":"https:\/\/prensapresidencialvenezuela.gob.ve\/index.php\/wp-json\/wp\/v2\/types\/post"}],"author":[{"embeddable":true,"href":"https:\/\/prensapresidencialvenezuela.gob.ve\/index.php\/wp-json\/wp\/v2\/users\/6"}],"replies":[{"embeddable":true,"href":"https:\/\/prensapresidencialvenezuela.gob.ve\/index.php\/wp-json\/wp\/v2\/comments?post=5360"}],"version-history":[{"count":1,"href":"https:\/\/prensapresidencialvenezuela.gob.ve\/index.php\/wp-json\/wp\/v2\/posts\/5360\/revisions"}],"predecessor-version":[{"id":5362,"href":"https:\/\/prensapresidencialvenezuela.gob.ve\/index.php\/wp-json\/wp\/v2\/posts\/5360\/revisions\/5362"}],"wp:featuredmedia":[{"embeddable":true,"href":"https:\/\/prensapresidencialvenezuela.gob.ve\/index.php\/wp-json\/wp\/v2\/media\/5361"}],"wp:attachment":[{"href":"https:\/\/prensapresidencialvenezuela.gob.ve\/index.php\/wp-json\/wp\/v2\/media?parent=5360"}],"wp:term":[{"taxonomy":"category","embeddable":true,"href":"https:\/\/prensapresidencialvenezuela.gob.ve\/index.php\/wp-json\/wp\/v2\/categories?post=5360"},{"taxonomy":"post_tag","embeddable":true,"href":"https:\/\/prensapresidencialvenezuela.gob.ve\/index.php\/wp-json\/wp\/v2\/tags?post=5360"}],"curies":[{"name":"wp","href":"https:\/\/api.w.org\/{rel}","templated":true}]}}