{"id":5372,"date":"2023-05-29T10:46:00","date_gmt":"2023-05-29T10:46:00","guid":{"rendered":"http:\/\/172.27.0.121\/?p=5372"},"modified":"2023-05-31T16:19:30","modified_gmt":"2023-05-31T16:19:30","slug":"lula-da-silva-llama-a-construir-nuevos-destinos-de-integracion-suramericana","status":"publish","type":"post","link":"https:\/\/prensapresidencialvenezuela.gob.ve\/index.php\/2023\/05\/29\/lula-da-silva-llama-a-construir-nuevos-destinos-de-integracion-suramericana\/","title":{"rendered":"Lula da Silva llama a construir nuevos destinos de integraci\u00f3n suramericana"},"content":{"rendered":"\n<p><strong>Brasilia, Brasil.-<\/strong>&nbsp;Construir nuevos destinos de integraci\u00f3n entre los pa\u00edses de Suram\u00e9rica es la tarea program\u00e1tica que convoca a los jefes de Estados de la regi\u00f3n, as\u00ed lo plante\u00f3 el presidente de la Rep\u00fablica Federativa de Brasil, Luiz In\u00e1cio Lula da Silva, durante un hist\u00f3rico y emotivo encuentro con el presidente Nicol\u00e1s Maduro Moros, quien arrib\u00f3 este domingo a la capital brasile\u00f1a tras ocho a\u00f1os de ausencia por el concierto de agresiones del gobierno saliente a nuestra naci\u00f3n.<\/p>\n\n\n\n<p>En declaraciones a la prensa y luego de haber sostenido una reuni\u00f3n de trabajo con los gabinetes de gobierno, ambos mandatarios coincidieron en la necesidad de recuperar las relaciones diplom\u00e1ticas bilaterales que se vieron entorpecidas por la pol\u00edtica antidemocr\u00e1tica de la administraci\u00f3n de Jair Bolsonaro&nbsp; y que significaron un periodo de oscurantismo y&nbsp; estancamiento del desarrollo com\u00fan.<\/p>\n\n\n\n<p>Luiz In\u00e1cio Lula da Silva, anfitri\u00f3n de la Reuni\u00f3n de Presidentes de&nbsp; los Pa\u00edses de Am\u00e9rica del Sur, que tendr\u00e1 lugar ma\u00f1ana en Brasilia, exhort\u00f3 a la necesidad de la uni\u00f3n y la cooperaci\u00f3n para enfrentar los retos y desaf\u00edos que impone un nuevo orden en las relaciones pol\u00edticas, sociales, econ\u00f3micas y culturales del bloque del Sur.<\/p>\n\n\n\n<p>\u201cEste momento es importante por distintos motivos, entre ellos el de que Suram\u00e9rica se tiene que convencer de que necesita trabajar como si fuese un bloque, no podemos creer&nbsp; que cada pa\u00eds por s\u00ed solo logre solucionar sus propios problemas que ya tienen 500 a\u00f1os\u201d, detall\u00f3 el mandatario del gigante amaz\u00f3nico.<\/p>\n\n\n\n<p>En torno a esta agenda program\u00e1tica, Lula reiter\u00f3 la necesidad de promover mecanismos para el crecimiento econ\u00f3mico de la regi\u00f3n.<\/p>\n\n\n\n<p>\u201cA algunos pa\u00edses de la regi\u00f3n se les ha dado la oportunidad de convertirse en naciones de ingresos medios, tenemos que reunirnos para discutir si queremos seguir siendo lo que somos, de la talla que somos o si queremos ser m\u00e1s fuertes, formar un bloque para negociar con m\u00e1s fuerza y con muchas m\u00e1s posibilidades de vencer\u201d, exhort\u00f3 Lula como alternativa para promover un mayor desarrollo en el Sur que se apunte a favor del bienestar de los pueblos con independencia y autodeterminaci\u00f3n.<\/p>\n\n\n\n<p>Por otra parte, expres\u00f3 su preocupaci\u00f3n por unificar esfuerzos para el crecimiento tecnol\u00f3gico y comercial del continente suramericano y refiri\u00f3 que se deben hacer m\u00e1s esfuerzos para&nbsp; implementar modelos que generen m\u00e1s empleos y que contribuyan al crecimiento de las econom\u00edas, en una primera instancia revisando el propio modelo del gigante amaz\u00f3nico.<\/p>\n\n\n\n<p>En su intervenci\u00f3n reiter\u00f3 su complacencia por la visita oficial del presidente Nicol\u00e1s Maduro, que permitir\u00e1 ampliar el mapa de cooperaci\u00f3n entre ambas naciones, al tiempo que abrir\u00e1 nuevas oportunidades para el crecimiento y el desarrollo sus econom\u00edas.<\/p>\n\n\n\n<p>En la Reuni\u00f3n de Presidentes de&nbsp; los Pa\u00edses de Am\u00e9rica del Sur asistir\u00e1n los mandatarios y representantes de 11 pa\u00edses del Sur, y se estar\u00e1n debatiendo temas de una amplia agenda conformada por intereses comunes con acciones espec\u00edficas para promover la integraci\u00f3n y el desarrollo econ\u00f3mico y social.<\/p>\n\n\n\n<p><strong>Prensa Presidencial \/ Yndira L\u00f3pez<\/strong><\/p>\n","protected":false},"excerpt":{"rendered":"<p>Brasilia, Brasil.-&nbsp;Construir nuevos destinos de integraci\u00f3n entre los pa\u00edses de Suram\u00e9rica es la tarea program\u00e1tica que convoca a los jefes de Estados de la regi\u00f3n, as\u00ed lo plante\u00f3 el presidente de la Rep\u00fablica Federativa de Brasil, Luiz In\u00e1cio Lula da Silva, durante un hist\u00f3rico y emotivo encuentro con el presidente Nicol\u00e1s Maduro Moros, quien arrib\u00f3 [&hellip;]<\/p>\n","protected":false},"author":6,"featured_media":5373,"comment_status":"open","ping_status":"open","sticky":false,"template":"","format":"standard","meta":{"footnotes":""},"categories":[18,7],"tags":[],"class_list":["post-5372","post","type-post","status-publish","format-standard","has-post-thumbnail","hentry","category-noticias-principales","category-notas-de-prensa"],"_links":{"self":[{"href":"https:\/\/prensapresidencialvenezuela.gob.ve\/index.php\/wp-json\/wp\/v2\/posts\/5372","targetHints":{"allow":["GET"]}}],"collection":[{"href":"https:\/\/prensapresidencialvenezuela.gob.ve\/index.php\/wp-json\/wp\/v2\/posts"}],"about":[{"href":"https:\/\/prensapresidencialvenezuela.gob.ve\/index.php\/wp-json\/wp\/v2\/types\/post"}],"author":[{"embeddable":true,"href":"https:\/\/prensapresidencialvenezuela.gob.ve\/index.php\/wp-json\/wp\/v2\/users\/6"}],"replies":[{"embeddable":true,"href":"https:\/\/prensapresidencialvenezuela.gob.ve\/index.php\/wp-json\/wp\/v2\/comments?post=5372"}],"version-history":[{"count":1,"href":"https:\/\/prensapresidencialvenezuela.gob.ve\/index.php\/wp-json\/wp\/v2\/posts\/5372\/revisions"}],"predecessor-version":[{"id":5374,"href":"https:\/\/prensapresidencialvenezuela.gob.ve\/index.php\/wp-json\/wp\/v2\/posts\/5372\/revisions\/5374"}],"wp:featuredmedia":[{"embeddable":true,"href":"https:\/\/prensapresidencialvenezuela.gob.ve\/index.php\/wp-json\/wp\/v2\/media\/5373"}],"wp:attachment":[{"href":"https:\/\/prensapresidencialvenezuela.gob.ve\/index.php\/wp-json\/wp\/v2\/media?parent=5372"}],"wp:term":[{"taxonomy":"category","embeddable":true,"href":"https:\/\/prensapresidencialvenezuela.gob.ve\/index.php\/wp-json\/wp\/v2\/categories?post=5372"},{"taxonomy":"post_tag","embeddable":true,"href":"https:\/\/prensapresidencialvenezuela.gob.ve\/index.php\/wp-json\/wp\/v2\/tags?post=5372"}],"curies":[{"name":"wp","href":"https:\/\/api.w.org\/{rel}","templated":true}]}}