{"id":5381,"date":"2023-05-29T10:51:00","date_gmt":"2023-05-29T10:51:00","guid":{"rendered":"http:\/\/172.27.0.121\/?p=5381"},"modified":"2023-05-31T16:24:35","modified_gmt":"2023-05-31T16:24:35","slug":"venezuela-ratifica-su-disposicion-de-sumarse-a-los-brics","status":"publish","type":"post","link":"https:\/\/prensapresidencialvenezuela.gob.ve\/index.php\/2023\/05\/29\/venezuela-ratifica-su-disposicion-de-sumarse-a-los-brics\/","title":{"rendered":"Venezuela ratifica su disposici\u00f3n de sumarse a los BRICS"},"content":{"rendered":"\n<p><strong>Brasilia, Brasil.-<\/strong>&nbsp;Con la visi\u00f3n integracionista legada por el Comandante Eterno Hugo Ch\u00e1vez, Venezuela se alista a la oportunidad de integrarse a los BRICS como mecanismo de cooperaci\u00f3n y desarrollo econ\u00f3mico con el enfoque del mundo multic\u00e9ntrico.<\/p>\n\n\n\n<p>As\u00ed lo expres\u00f3 el jefe de Estado, Nicol\u00e1s Maduro, al compartir una agenda de trabajo con su hom\u00f3logo de la&nbsp;Rep\u00fablica Federativa de Brasil,&nbsp;Luiz In\u00e1cio Lula da Silva, tras celebrarse una reuni\u00f3n conjunta en la capital del gigante amaz\u00f3nico.<\/p>\n\n\n\n<p>\u201cSi nos preguntan a Venezuela, \u00bfustedes aspiran alg\u00fan d\u00eda a ser aceptados en los BRICS?, Venezuela dice s\u00ed, quisi\u00e9ramos ser parte de los BRICS, de manera modesta\u201d, asever\u00f3 el presidente Nicol\u00e1s Maduro en aras de&nbsp;aras de ser parte \u201cde esa nueva geopol\u00edtica mundial, del nuevo mundo que ya va naciendo\u201d.<\/p>\n\n\n\n<p>En ese contexto, la Rep\u00fablica Bolivariana de Venezuela es hoy un socio estrat\u00e9gico para las alianzas comerciales y financieras de Brasil, tal como se ha desarrollado desde el a\u00f1o 2002 con la llegada de la Revoluci\u00f3n Bolivariana.<\/p>\n\n\n\n<p>Al ser consultado sobre este tema por la prensa venezolana, el presidente Lula da Silva explic\u00f3 que \u201cva a ser mi primera reuni\u00f3n de los BRICS, tras ocho a\u00f1os. Hay propuestas de otros pa\u00edses que desean integrar los BRICS, vamos a discutir los pedidos oficiales y all\u00e1 vamos a decidir. Si me preguntan \u00bfQu\u00e9 pienso? Yo digo: Que s\u00ed, que soy favorable\u201d.<\/p>\n\n\n\n<p>En torno a la participaci\u00f3n de Venezuela en los BRICS, el presidente Nicol\u00e1s Maduro, precis\u00f3 las potencialidades que tiene nuestra naci\u00f3n para una cooperaci\u00f3n en relaciones ganar-ganar y expres\u00f3 que este organismo de integraci\u00f3n juega un rol fundamental en el nuevo orden econ\u00f3mico mundial.<\/p>\n\n\n\n<p>\u201cUno de los temas que conversamos es el papel de los BRICS, en el surgimiento de una nueva geopol\u00edtica mundial, no exenta de conflictos y que va dibujando un mundo multipolar. Nuevos polos de poder pol\u00edtico econ\u00f3mico, social, cultural y militar\u201d, detall\u00f3 el presidente Maduro.<\/p>\n\n\n\n<p>De igual modo, precis\u00f3 que este tiempo hist\u00f3rico debe encontrar a Am\u00e9rica Latina unida para enfrentar los desaf\u00edos que permitan la liberaci\u00f3n definitiva y la autodeterminaci\u00f3n de los pueblos.<\/p>\n\n\n\n<p>\u201cEse mundo que se va dibujando amerita una Am\u00e9rica del Sur unida en su diversidad ideol\u00f3gica y pol\u00edtica, no podemos dejar que se impongan las ideolog\u00edas intolerantes, excluyentes, extremistas: -O piensas como yo, o te vas de aqu\u00ed-, eso es una ideolog\u00eda intolerante y extremista. Sobre esa base jam\u00e1s se podr\u00e1 construir la uni\u00f3n de Nuestra Am\u00e9rica, el sue\u00f1o del Libertador Sim\u00f3n Bol\u00edvar que era convertir a Nuestra Am\u00e9rica en un gran cuerpo pol\u00edtico para participar de la construcci\u00f3n del equilibrio del universo\u201d, denunci\u00f3 el jefe de Estado Venezolano, quien visita la naci\u00f3n en el contexto de la Reuni\u00f3n de Presidentes de los pa\u00edses de Am\u00e9rica del Sur, que tendr\u00e1 lugar este martes en Brasilia y donde estar\u00e1n participando representantes de 11 naciones del bloque continental.<\/p>\n\n\n\n<p>En ese contexto, detall\u00f3 la necesidad de imponer la cultura del di\u00e1logo para avanzar al desarrollo com\u00fan e inst\u00f3 a la defensa conjunta de la Amazon\u00eda y a construir sistemas sustentables y de cooperaci\u00f3n entre pa\u00edses en materia de salud, seguridad alimentaria, seguridad energ\u00e9tica, as\u00ed como abandonar la dependencia econ\u00f3mica de Latinoam\u00e9rica con los poderes imperiales.<\/p>\n\n\n\n<p>\u201cHalagamos el poder econ\u00f3mico, financiero y monetario de otras naciones desde el Norte, pero muchos de los que lo halagan, nos condenan al ostracismo, a la debilidad financiera, econ\u00f3mica y monetaria por los siglos de los siglos, no, tenemos que construir esa nueva geopol\u00edtica y esa nueva geopol\u00edtica tiene componentes fundamentales como la uni\u00f3n de Suram\u00e9rica en la diversidad y lo otro es los BRICS, como elemento de avanzada\u201d, sostuvo Maduro.<\/p>\n\n\n\n<p>El Mandatario nacional detall\u00f3 que los pa\u00edses que integran los BRICS: Brasil, Rusia, India, China y Sud\u00e1frica son cinco pa\u00edses poderosos \u201cy ahora los BRICS se transforman en un gran im\u00e1n de los que quieren un mundo diferente de paz y de cooperaci\u00f3n\u201d.<\/p>\n\n\n\n<p>En la actualidad m\u00e1s de 30 pa\u00edses han mostrado su inter\u00e9s por ingresar a los BRICS, como mecanismo de intercambio comercial con solidez y respeto a la diversidad pol\u00edtica y cultural, apostando a nuevos polos de desarrollo para el bienestar de los pueblos.<\/p>\n\n\n\n<p>Con esta visita de trabajo del Presidente de la Rep\u00fablica Bolivariana de Venezuela, Nicol\u00e1s Maduro, al gigante suramericano se abren las compuertas de nuevas oportunidades de intercambio comercial, financiero, econ\u00f3mico y social para ambas naciones y se construyen relaciones de nuevo tipo en esta era de renacimiento del Sur.<\/p>\n\n\n\n<p><strong>Prensa Presidencial \/ Yndira L\u00f3pez<\/strong><\/p>\n","protected":false},"excerpt":{"rendered":"<p>Brasilia, Brasil.-&nbsp;Con la visi\u00f3n integracionista legada por el Comandante Eterno Hugo Ch\u00e1vez, Venezuela se alista a la oportunidad de integrarse a los BRICS como mecanismo de cooperaci\u00f3n y desarrollo econ\u00f3mico con el enfoque del mundo multic\u00e9ntrico. As\u00ed lo expres\u00f3 el jefe de Estado, Nicol\u00e1s Maduro, al compartir una agenda de trabajo con su hom\u00f3logo de [&hellip;]<\/p>\n","protected":false},"author":6,"featured_media":5382,"comment_status":"open","ping_status":"open","sticky":false,"template":"","format":"standard","meta":{"footnotes":""},"categories":[18,7],"tags":[],"class_list":["post-5381","post","type-post","status-publish","format-standard","has-post-thumbnail","hentry","category-noticias-principales","category-notas-de-prensa"],"_links":{"self":[{"href":"https:\/\/prensapresidencialvenezuela.gob.ve\/index.php\/wp-json\/wp\/v2\/posts\/5381","targetHints":{"allow":["GET"]}}],"collection":[{"href":"https:\/\/prensapresidencialvenezuela.gob.ve\/index.php\/wp-json\/wp\/v2\/posts"}],"about":[{"href":"https:\/\/prensapresidencialvenezuela.gob.ve\/index.php\/wp-json\/wp\/v2\/types\/post"}],"author":[{"embeddable":true,"href":"https:\/\/prensapresidencialvenezuela.gob.ve\/index.php\/wp-json\/wp\/v2\/users\/6"}],"replies":[{"embeddable":true,"href":"https:\/\/prensapresidencialvenezuela.gob.ve\/index.php\/wp-json\/wp\/v2\/comments?post=5381"}],"version-history":[{"count":1,"href":"https:\/\/prensapresidencialvenezuela.gob.ve\/index.php\/wp-json\/wp\/v2\/posts\/5381\/revisions"}],"predecessor-version":[{"id":5383,"href":"https:\/\/prensapresidencialvenezuela.gob.ve\/index.php\/wp-json\/wp\/v2\/posts\/5381\/revisions\/5383"}],"wp:featuredmedia":[{"embeddable":true,"href":"https:\/\/prensapresidencialvenezuela.gob.ve\/index.php\/wp-json\/wp\/v2\/media\/5382"}],"wp:attachment":[{"href":"https:\/\/prensapresidencialvenezuela.gob.ve\/index.php\/wp-json\/wp\/v2\/media?parent=5381"}],"wp:term":[{"taxonomy":"category","embeddable":true,"href":"https:\/\/prensapresidencialvenezuela.gob.ve\/index.php\/wp-json\/wp\/v2\/categories?post=5381"},{"taxonomy":"post_tag","embeddable":true,"href":"https:\/\/prensapresidencialvenezuela.gob.ve\/index.php\/wp-json\/wp\/v2\/tags?post=5381"}],"curies":[{"name":"wp","href":"https:\/\/api.w.org\/{rel}","templated":true}]}}