{"id":5384,"date":"2023-05-29T22:52:00","date_gmt":"2023-05-29T22:52:00","guid":{"rendered":"http:\/\/172.27.0.121\/?p=5384"},"modified":"2023-05-31T16:25:46","modified_gmt":"2023-05-31T16:25:46","slug":"presidente-lula-da-silva-llama-a-deconstruir-la-narrativa-que-ha-agredido-a-venezuela","status":"publish","type":"post","link":"https:\/\/prensapresidencialvenezuela.gob.ve\/index.php\/2023\/05\/29\/presidente-lula-da-silva-llama-a-deconstruir-la-narrativa-que-ha-agredido-a-venezuela\/","title":{"rendered":"Presidente Lula da Silva llama a deconstruir la narrativa que ha agredido a Venezuela\u00a0"},"content":{"rendered":"\n<p><strong>Brasilia, Brasil.-&nbsp;<\/strong>Caracas. El pueblo de la Rep\u00fablica Bolivariana de Venezuela se merece una liberaci\u00f3n de la narrativa que injustamente construy\u00f3 el plan de guerra multiforme sobre la naci\u00f3n, as\u00ed lo manifest\u00f3 el presidente de la Rep\u00fablica Federativa de Brasil, Luiz In\u00e1cio Lula da Silva, por lo que inst\u00f3 a vencer la medi\u00e1tica que miente sobre Venezuela y que es usada como arma pol\u00edtica contra los pa\u00edses que resultan hostiles a los imperios.<\/p>\n\n\n\n<p>\u201cEn la pol\u00edtica aprendemos temprano que contra la gente se construyen narrativas. Yo para vencer una batalla necesito construir una narrativa para vencer a mi enemigo y (Nicol\u00e1s) Maduro conoce muy bien la narrativa que han construido con respecto a Venezuela sobre un autoritarismo, la antidemocracia, esa narrativa ustedes la tienen&nbsp; que descontruir mostrando su propia narrativa para que la gente cambie de opini\u00f3n\u201d, consider\u00f3 Lula da Silva.<\/p>\n\n\n\n<p>A\u00f1adi\u00f3 que en medio de este modelo de agresi\u00f3n cultural, pol\u00edtica y medi\u00e1tica que sufre Venezuela, ha observado que en otros pa\u00edses que ha visitado se encuentra con opiniones contrarias a la verdad de Venezuela.<\/p>\n\n\n\n<p>\u201cYo he estado en pa\u00edses donde la gente ni siquiera sabe d\u00f3nde se encuentra Venezuela, pero sabe que Venezuela enfrenta problemas con la democracia, entonces es necesario vencer esa narrativa y es incre\u00edble e inexplicable que una naci\u00f3n sea objeto de 900 ilegales sanciones porque no le cae bien a otro pa\u00eds\u201d, fustig\u00f3 Lula da Silva, al tiempo que pidi\u00f3 respeto para la autodeterminaci\u00f3n de los y las venezolanas se\u00f1alando que quienes nos agreden deben \u201cdisculparse por la mal causado a Venezuela\u201d.<\/p>\n\n\n\n<p>Por su parte, el Presidente Nicol\u00e1s Maduro se\u00f1al\u00f3 que coincide con su hom\u00f3logo brasile\u00f1o porque Venezuela ha sido v\u00edctima de una campa\u00f1a feroz por medios tradicionales y redes sociales que \u201cse acompa\u00f1a de una agresi\u00f3n pol\u00edtica y econ\u00f3mica y de la cadena de acontecimientos que suman intentos de magnicidio e invasiones.<\/p>\n\n\n\n<p>El presidente Maduro hizo una cronolog\u00eda para denunciar la estela de ataques imperialistas que ha sufrido la naci\u00f3n y refiri\u00f3 \u201cel intento de asesinarme en agosto de 2018; a\u00f1o 2019 el intento de imponer autoridades paralelas al pa\u00eds y de llevarnos a una guerra civil; las amenazas de invasi\u00f3n militar que se nos hicieron directamente desde la Casa Blanca, el Pent\u00e1gono y el Comando Sur; el intento de invasi\u00f3n que logramos neutralizar por parte de mercenarios entrenados, financiados y preparados en Colombia en el a\u00f1o 2020; a toda la agresi\u00f3n pol\u00edtica, econ\u00f3mica y comercial se acompa\u00f1\u00f3 de una agresi\u00f3n medi\u00e1tica e impuso una narrativa en el mundo de que Venezuela es un estado fallido\u201d.<\/p>\n\n\n\n<p>Agreg\u00f3 que la intenci\u00f3n ha sido \u201cinvisibilizar a Venezuela\u201d, y sus progresos sostenidos para sacar adelante la econom\u00eda con trabajo y se\u00f1al\u00f3 que el saldo positivo de esta era es el de una nueva conciencia social de los venezolanos que no solo reconoce al enemigo hist\u00f3rico, sino que lo vence con esfuerzo y compromiso patrio.<\/p>\n\n\n\n<p>\u201cEsta agresi\u00f3n, toda esta tortura al cuerpo de un pa\u00eds como Venezuela, gener\u00f3 una conciencia nueva, nacional y de amor a Venezuela. Hoy Venezuela es otra, important\u00edsimos sectores de la sociedad, incluyendo a la clase media,&nbsp; empresarios y trabajadores tiene una conciencia muy diferente a hace 6 o 10&nbsp; a\u00f1os, sobre un sentido de pertenencia como venezolanos y como pa\u00eds. El pa\u00eds entero se ech\u00f3 al hombro las dificultades para sacar a Venezuela adelante\u201d,&nbsp; sostuvo Maduro.<\/p>\n\n\n\n<p>Record\u00f3 que Venezuela ha fortalecido su sistema democr\u00e1tico y electoral con el ejercicio de 29 elecciones en las \u00faltimas dos d\u00e9cadas \u2013respetando los resultados como premisa democr\u00e1tica- , de las cuales&nbsp; se apunta 27 victorias a la Revoluci\u00f3n Bolivariana y hoy gobiernan en el pa\u00eds cuatro gobernadores de estados que comparten gesti\u00f3n con el Ejecutivo Nacional.<\/p>\n\n\n\n<p>El presidente Maduro reiter\u00f3 que Venezuela ha mantenido la paz pol\u00edtica como premisa de la estabilidad del pa\u00eds y aprovech\u00f3 en esta visita oficial para llamar a la inversi\u00f3n privada de Brasil como socio estrat\u00e9gico de nuestra naci\u00f3n.<\/p>\n\n\n\n<p><strong>Prensa Presidencial \/ Yndira L\u00f3pez<\/strong><\/p>\n","protected":false},"excerpt":{"rendered":"<p>Brasilia, Brasil.-&nbsp;Caracas. El pueblo de la Rep\u00fablica Bolivariana de Venezuela se merece una liberaci\u00f3n de la narrativa que injustamente construy\u00f3 el plan de guerra multiforme sobre la naci\u00f3n, as\u00ed lo manifest\u00f3 el presidente de la Rep\u00fablica Federativa de Brasil, Luiz In\u00e1cio Lula da Silva, por lo que inst\u00f3 a vencer la medi\u00e1tica que miente sobre [&hellip;]<\/p>\n","protected":false},"author":6,"featured_media":5385,"comment_status":"open","ping_status":"open","sticky":false,"template":"","format":"standard","meta":{"footnotes":""},"categories":[18,7],"tags":[],"class_list":["post-5384","post","type-post","status-publish","format-standard","has-post-thumbnail","hentry","category-noticias-principales","category-notas-de-prensa"],"_links":{"self":[{"href":"https:\/\/prensapresidencialvenezuela.gob.ve\/index.php\/wp-json\/wp\/v2\/posts\/5384","targetHints":{"allow":["GET"]}}],"collection":[{"href":"https:\/\/prensapresidencialvenezuela.gob.ve\/index.php\/wp-json\/wp\/v2\/posts"}],"about":[{"href":"https:\/\/prensapresidencialvenezuela.gob.ve\/index.php\/wp-json\/wp\/v2\/types\/post"}],"author":[{"embeddable":true,"href":"https:\/\/prensapresidencialvenezuela.gob.ve\/index.php\/wp-json\/wp\/v2\/users\/6"}],"replies":[{"embeddable":true,"href":"https:\/\/prensapresidencialvenezuela.gob.ve\/index.php\/wp-json\/wp\/v2\/comments?post=5384"}],"version-history":[{"count":1,"href":"https:\/\/prensapresidencialvenezuela.gob.ve\/index.php\/wp-json\/wp\/v2\/posts\/5384\/revisions"}],"predecessor-version":[{"id":5386,"href":"https:\/\/prensapresidencialvenezuela.gob.ve\/index.php\/wp-json\/wp\/v2\/posts\/5384\/revisions\/5386"}],"wp:featuredmedia":[{"embeddable":true,"href":"https:\/\/prensapresidencialvenezuela.gob.ve\/index.php\/wp-json\/wp\/v2\/media\/5385"}],"wp:attachment":[{"href":"https:\/\/prensapresidencialvenezuela.gob.ve\/index.php\/wp-json\/wp\/v2\/media?parent=5384"}],"wp:term":[{"taxonomy":"category","embeddable":true,"href":"https:\/\/prensapresidencialvenezuela.gob.ve\/index.php\/wp-json\/wp\/v2\/categories?post=5384"},{"taxonomy":"post_tag","embeddable":true,"href":"https:\/\/prensapresidencialvenezuela.gob.ve\/index.php\/wp-json\/wp\/v2\/tags?post=5384"}],"curies":[{"name":"wp","href":"https:\/\/api.w.org\/{rel}","templated":true}]}}