{"id":5387,"date":"2023-05-29T22:54:00","date_gmt":"2023-05-29T22:54:00","guid":{"rendered":"http:\/\/172.27.0.121\/?p=5387"},"modified":"2023-05-31T16:27:37","modified_gmt":"2023-05-31T16:27:37","slug":"venezuela-se-alista-para-reconstruir-cooperacion-electrica-con-el-estado-de-roraima","status":"publish","type":"post","link":"https:\/\/prensapresidencialvenezuela.gob.ve\/index.php\/2023\/05\/29\/venezuela-se-alista-para-reconstruir-cooperacion-electrica-con-el-estado-de-roraima\/","title":{"rendered":"Venezuela se alista para reconstruir cooperaci\u00f3n el\u00e9ctrica con el estado de Roraima"},"content":{"rendered":"\n<p><strong>Brasilia, Brasil.-<\/strong>&nbsp;Con el prop\u00f3sito de favorecer a la poblaci\u00f3n del estado de Roraima, el presidente de la Rep\u00fablica Bolivariana de Venezuela, Nicol\u00e1s Maduro, plante\u00f3 la iniciativa de reconstruir las relaciones de cooperaci\u00f3n el\u00e9ctrica que se hab\u00edan sostenido con la Rep\u00fablica Federativa de Brasil&nbsp; y que permit\u00eda el suministro del servicio desde el embalse de Gur\u00ed, ubicado en el estado Bol\u00edvar, a esta regi\u00f3n del gigante amaz\u00f3nico.<\/p>\n\n\n\n<p>Vale destacar que esta cooperaci\u00f3n el\u00e9ctrica, se vio entorpecida con la llegada al poder del ex presidente de Brasil, Jair Bolsonaro, quien agredi\u00f3 las relaciones diplom\u00e1ticas hasta diluir los convenios que favorec\u00edan a ambas naciones.<\/p>\n\n\n\n<p>\u201cHemos conversado con el presidente Lula y le hemos dicho que Venezuela est\u00e1 preparada para reconstruir la cooperaci\u00f3n el\u00e9ctrica con el estado de Roraima, con Boa Vista y con toda la poblaci\u00f3n fronteriza. Tenemos una oferta de 120 megavatios lista, que lo que amerita es una inversi\u00f3n b\u00e1sica de unos 4 o 5 millones de d\u00f3lares en funci\u00f3n de reconstruir las l\u00edneas de trasmisi\u00f3n. Si logr\u00e1ramos con eficiencia que eso ocurriera, nosotros pudi\u00e9ramos estar muy pronto all\u00e1 volviendo a reconectar el Gur\u00ed con el estado de Roraima. Es un compromiso que asumo frente a t\u00ed\u201d, se\u00f1al\u00f3 el jefe de Estado venezolano.<\/p>\n\n\n\n<p>Precis\u00f3 que para esta cooperaci\u00f3n est\u00e1n abiertas las puertas a los empresarios brasile\u00f1os que se interesen en participar en una obra que se caracteriza por el humanismo, la complementariedad y en las relaciones reciprocas del ganar-ganar.<\/p>\n\n\n\n<p>Por su parte, el presidente Luiz In\u00e1cio Lula da Silva expres\u00f3 su satisfacci\u00f3n por esta iniciativa y precis\u00f3 que \u201cnosotros queremos recuperar nuestras relaciones energ\u00e9ticas con Venezuela, la l\u00ednea del Gur\u00ed tiene que volver a funcionar porque nada justifica que el estado de Roraima, sea estado que no pertenece a la matriz energ\u00e9tica de Brasil y que opere con termoel\u00e9ctricas, tecnolog\u00eda mucho m\u00e1s cara que contamina, si podemos exportar energ\u00eda\u201d.<\/p>\n\n\n\n<p>Agreg\u00f3 el jefe del gigante suramericano que los ministros de Energ\u00eda de ambas naciones sostendr\u00e1n encuentros inmediatos para atender con una planificaci\u00f3n estas normativas que se hab\u00edan dispuesto.<\/p>\n\n\n\n<p>Estas acciones suman al reencuentro de las relaciones diplom\u00e1ticas que hab\u00edan sostenido Venezuela y Brasil y que hoy se retoman con la mejor disposici\u00f3n para el bienestar de los pueblos.<\/p>\n\n\n\n<p><strong>Prensa Presidencial \/ Yndira L\u00f3pez<\/strong><\/p>\n","protected":false},"excerpt":{"rendered":"<p>Brasilia, Brasil.-&nbsp;Con el prop\u00f3sito de favorecer a la poblaci\u00f3n del estado de Roraima, el presidente de la Rep\u00fablica Bolivariana de Venezuela, Nicol\u00e1s Maduro, plante\u00f3 la iniciativa de reconstruir las relaciones de cooperaci\u00f3n el\u00e9ctrica que se hab\u00edan sostenido con la Rep\u00fablica Federativa de Brasil&nbsp; y que permit\u00eda el suministro del servicio desde el embalse de Gur\u00ed, [&hellip;]<\/p>\n","protected":false},"author":6,"featured_media":5388,"comment_status":"open","ping_status":"open","sticky":false,"template":"","format":"standard","meta":{"footnotes":""},"categories":[18,7],"tags":[],"class_list":["post-5387","post","type-post","status-publish","format-standard","has-post-thumbnail","hentry","category-noticias-principales","category-notas-de-prensa"],"_links":{"self":[{"href":"https:\/\/prensapresidencialvenezuela.gob.ve\/index.php\/wp-json\/wp\/v2\/posts\/5387","targetHints":{"allow":["GET"]}}],"collection":[{"href":"https:\/\/prensapresidencialvenezuela.gob.ve\/index.php\/wp-json\/wp\/v2\/posts"}],"about":[{"href":"https:\/\/prensapresidencialvenezuela.gob.ve\/index.php\/wp-json\/wp\/v2\/types\/post"}],"author":[{"embeddable":true,"href":"https:\/\/prensapresidencialvenezuela.gob.ve\/index.php\/wp-json\/wp\/v2\/users\/6"}],"replies":[{"embeddable":true,"href":"https:\/\/prensapresidencialvenezuela.gob.ve\/index.php\/wp-json\/wp\/v2\/comments?post=5387"}],"version-history":[{"count":1,"href":"https:\/\/prensapresidencialvenezuela.gob.ve\/index.php\/wp-json\/wp\/v2\/posts\/5387\/revisions"}],"predecessor-version":[{"id":5389,"href":"https:\/\/prensapresidencialvenezuela.gob.ve\/index.php\/wp-json\/wp\/v2\/posts\/5387\/revisions\/5389"}],"wp:featuredmedia":[{"embeddable":true,"href":"https:\/\/prensapresidencialvenezuela.gob.ve\/index.php\/wp-json\/wp\/v2\/media\/5388"}],"wp:attachment":[{"href":"https:\/\/prensapresidencialvenezuela.gob.ve\/index.php\/wp-json\/wp\/v2\/media?parent=5387"}],"wp:term":[{"taxonomy":"category","embeddable":true,"href":"https:\/\/prensapresidencialvenezuela.gob.ve\/index.php\/wp-json\/wp\/v2\/categories?post=5387"},{"taxonomy":"post_tag","embeddable":true,"href":"https:\/\/prensapresidencialvenezuela.gob.ve\/index.php\/wp-json\/wp\/v2\/tags?post=5387"}],"curies":[{"name":"wp","href":"https:\/\/api.w.org\/{rel}","templated":true}]}}