{"id":5405,"date":"2023-05-30T17:01:00","date_gmt":"2023-05-30T17:01:00","guid":{"rendered":"http:\/\/172.27.0.121\/?p=5405"},"modified":"2023-05-31T17:02:04","modified_gmt":"2023-05-31T17:02:04","slug":"inicia-sesion-plenaria-de-reunion-de-presidentes-de-america-del-sur-en-brasilia","status":"publish","type":"post","link":"https:\/\/prensapresidencialvenezuela.gob.ve\/index.php\/2023\/05\/30\/inicia-sesion-plenaria-de-reunion-de-presidentes-de-america-del-sur-en-brasilia\/","title":{"rendered":"Inicia sesi\u00f3n plenaria de Reuni\u00f3n de Presidentes de Am\u00e9rica del Sur en Brasilia"},"content":{"rendered":"\n<p><strong>Brasilia, Brasil.-&nbsp;<\/strong>Con la participaci\u00f3n de 12 naciones suramericanas que congrega la Reuni\u00f3n de Presidentes de los pa\u00edses de Am\u00e9rica del Sur, inicia este martes el di\u00e1logo de alto nivel.<\/p>\n\n\n\n<p>Las palabras iniciales de este encuentro regional estar\u00e1n a cargo del presidente brasile\u00f1o, Luiz In\u00e1cio Lula da Silva, ocasi\u00f3n en la que participar\u00e1n los jefes de Estado de Argentina, Bolivia, Colombia, Ecuador, Guayana, Paraguay, Surinam, Uruguay y Venezuela.<\/p>\n\n\n\n<p>Per\u00fa ser\u00e1 el \u00fanico pa\u00eds que no tendr\u00e1 representaci\u00f3n presidencial, pues Dina Boluarte requiere de autorizaci\u00f3n parlamentaria para salir del pa\u00eds. En su lugar asistir\u00e1 el presidente del Consejo de Ministros.<\/p>\n\n\n\n<p>El encuentro consta de dos m\u00f3dulos principales que se desarrollar\u00e1n durante este martes: en la sesi\u00f3n de la ma\u00f1ana, los presidentes har\u00e1n consideraciones de car\u00e1cter general y discutir\u00e1n las percepciones y contextos espec\u00edficos de cada pa\u00eds respecto a la integraci\u00f3n de Am\u00e9rica del Sur.<\/p>\n\n\n\n<p>Durante la tarde, presentar\u00e1n y discutir\u00e1n iniciativas concretas de cooperaci\u00f3n de alcance suramericano, abiertas a la participaci\u00f3n de todos, en \u00e1reas clave como salud, defensa, infraestructura f\u00edsica, transici\u00f3n energ\u00e9tica, cambio clim\u00e1tico, combate a los il\u00edcitos transnacionales, entre otras.<\/p>\n\n\n\n<p>Se tiene previsto que, en el contexto de la agenda, se ofrezca una declaraci\u00f3n conjunta donde los presidentes suramericanos podr\u00e1n informar sobre los consensos logrados.<\/p>\n\n\n\n<p><strong>Prensa Presidencial \/ Karla Cotoret<\/strong><\/p>\n","protected":false},"excerpt":{"rendered":"<p>Brasilia, Brasil.-&nbsp;Con la participaci\u00f3n de 12 naciones suramericanas que congrega la Reuni\u00f3n de Presidentes de los pa\u00edses de Am\u00e9rica del Sur, inicia este martes el di\u00e1logo de alto nivel. Las palabras iniciales de este encuentro regional estar\u00e1n a cargo del presidente brasile\u00f1o, Luiz In\u00e1cio Lula da Silva, ocasi\u00f3n en la que participar\u00e1n los jefes de [&hellip;]<\/p>\n","protected":false},"author":6,"featured_media":5406,"comment_status":"open","ping_status":"open","sticky":false,"template":"","format":"standard","meta":{"footnotes":""},"categories":[18,7],"tags":[],"class_list":["post-5405","post","type-post","status-publish","format-standard","has-post-thumbnail","hentry","category-noticias-principales","category-notas-de-prensa"],"_links":{"self":[{"href":"https:\/\/prensapresidencialvenezuela.gob.ve\/index.php\/wp-json\/wp\/v2\/posts\/5405","targetHints":{"allow":["GET"]}}],"collection":[{"href":"https:\/\/prensapresidencialvenezuela.gob.ve\/index.php\/wp-json\/wp\/v2\/posts"}],"about":[{"href":"https:\/\/prensapresidencialvenezuela.gob.ve\/index.php\/wp-json\/wp\/v2\/types\/post"}],"author":[{"embeddable":true,"href":"https:\/\/prensapresidencialvenezuela.gob.ve\/index.php\/wp-json\/wp\/v2\/users\/6"}],"replies":[{"embeddable":true,"href":"https:\/\/prensapresidencialvenezuela.gob.ve\/index.php\/wp-json\/wp\/v2\/comments?post=5405"}],"version-history":[{"count":1,"href":"https:\/\/prensapresidencialvenezuela.gob.ve\/index.php\/wp-json\/wp\/v2\/posts\/5405\/revisions"}],"predecessor-version":[{"id":5407,"href":"https:\/\/prensapresidencialvenezuela.gob.ve\/index.php\/wp-json\/wp\/v2\/posts\/5405\/revisions\/5407"}],"wp:featuredmedia":[{"embeddable":true,"href":"https:\/\/prensapresidencialvenezuela.gob.ve\/index.php\/wp-json\/wp\/v2\/media\/5406"}],"wp:attachment":[{"href":"https:\/\/prensapresidencialvenezuela.gob.ve\/index.php\/wp-json\/wp\/v2\/media?parent=5405"}],"wp:term":[{"taxonomy":"category","embeddable":true,"href":"https:\/\/prensapresidencialvenezuela.gob.ve\/index.php\/wp-json\/wp\/v2\/categories?post=5405"},{"taxonomy":"post_tag","embeddable":true,"href":"https:\/\/prensapresidencialvenezuela.gob.ve\/index.php\/wp-json\/wp\/v2\/tags?post=5405"}],"curies":[{"name":"wp","href":"https:\/\/api.w.org\/{rel}","templated":true}]}}