{"id":5408,"date":"2023-05-30T17:02:00","date_gmt":"2023-05-30T17:02:00","guid":{"rendered":"http:\/\/172.27.0.121\/?p=5408"},"modified":"2023-05-31T17:03:32","modified_gmt":"2023-05-31T17:03:32","slug":"en-120-dias-lideres-suramericanos-presentaran-hoja-de-ruta-para-la-integracion","status":"publish","type":"post","link":"https:\/\/prensapresidencialvenezuela.gob.ve\/index.php\/2023\/05\/30\/en-120-dias-lideres-suramericanos-presentaran-hoja-de-ruta-para-la-integracion\/","title":{"rendered":"En 120 d\u00edas l\u00edderes suramericanos presentar\u00e1n hoja de ruta para la integraci\u00f3n"},"content":{"rendered":"\n<p><strong>Brasilia, Brasil.-&nbsp;<\/strong>120 d\u00edas tendr\u00e1n los presidentes de los pa\u00edses de Am\u00e9rica del Sur para presentar una hoja de ruta que allane el camino de la integraci\u00f3n regional, con el prop\u00f3sito de establecer acuerdos y estrategias que permitan el desarrollo y la unificaci\u00f3n de propuestas en aras de consolidar temas en \u00e1reas de inter\u00e9s com\u00fan.<\/p>\n\n\n\n<p>Desde el Palacio Itamaraty, sede de Ministerio de Relaciones Exteriores de Brasil, el mandatario anfitri\u00f3n, Luiz&nbsp; In\u00e1cio Lula da Silva, exhort\u00f3 a los lideres latinoamericanos a \u201cdar los primeros pasos para retomar el di\u00e1logo como regi\u00f3n\u201d, en el contexto que enfrenta Am\u00e9rica Latina, \u201cel cual es m\u00e1s desafiante que en el pasado\u201d.<\/p>\n\n\n\n<p>Durante la Reuni\u00f3n de Presidentes de los pa\u00edses de Am\u00e9rica del Sur, Lula manifest\u00f3 preocupaci\u00f3n por la gobernanza global \u201cque enfrenta serias dificultades para ofrecer respuestas justas y efectivas a los problemas actuales\u201d.&nbsp;En este sentido, propuso la discusi\u00f3n de diferentes propuestas, entre las que destacan la profundizaci\u00f3n de la identidad sudamericana, incluyendo el \u00e1mbito monetario a trav\u00e9s de mecanismos m\u00e1s eficientes y \u201cla creaci\u00f3n de una unidad de referencia com\u00fan para el comercio, reduciendo la dependencia de monedas extrarregionales\u201d.<\/p>\n\n\n\n<p>De igual modo, destac\u00f3 la importancia de implementar iniciativas de convergencia regulatoria, \u201cfacilitando los tr\u00e1mites y reduciendo la burocracia para exportar e importar bienes en los pa\u00edses de la regi\u00f3n\u201d, al tiempo que se\u00f1al\u00f3 la necesidad de ampliar los mecanismos de cooperaci\u00f3n de \u00faltima generaci\u00f3n, que permitan involucrar servicios, inversiones y comercio electr\u00f3nico.<\/p>\n\n\n\n<p>Asimismo, el l\u00edder brasile\u00f1o precis\u00f3 que es necesario el debate para actualizar la cartera de proyectos del Consejo Suramericano de Infraestructura y Planificaci\u00f3n (COSIPLAN), lo que permitir\u00e1 priorizar los planes de alto impacto \u201cpara la integraci\u00f3n f\u00edsica y digital, especialmente en las regiones fronterizas\u201d.<\/p>\n\n\n\n<p>Igualmente, insisti\u00f3 en la importancia de desarrollar acciones coordinadas para enfrentar el cambio clim\u00e1tico. \u201cLa evidencia cient\u00edfica confirma que el ritmo actual de emisiones nos llevar\u00e1 a una crisis clim\u00e1tica sin precedentes y el planeta entero ya est\u00e1 sintiendo sus impactos\u201d, record\u00f3.<\/p>\n\n\n\n<p>La Reuni\u00f3n de Presidentes de los pa\u00edses de Am\u00e9rica del Sur es el espacio propicio para que los jefes de Estado de Argentina, Bolivia, Colombia, Ecuador, Guayana, Paraguay, Surinam, Uruguay y Venezuela,&nbsp; as\u00ed como para el representante especial de Per\u00fa debatan sobre la necesidad de establecer mecanismos de integraci\u00f3n latinoamericana en miras de dotar a la regi\u00f3n de mayor capacidad de repuestas ante las situaciones sobrevenidas.<\/p>\n\n\n\n<p><strong>Prensa Presidencial \/ Joelin Jim\u00e9nez<\/strong><\/p>\n","protected":false},"excerpt":{"rendered":"<p>Brasilia, Brasil.-&nbsp;120 d\u00edas tendr\u00e1n los presidentes de los pa\u00edses de Am\u00e9rica del Sur para presentar una hoja de ruta que allane el camino de la integraci\u00f3n regional, con el prop\u00f3sito de establecer acuerdos y estrategias que permitan el desarrollo y la unificaci\u00f3n de propuestas en aras de consolidar temas en \u00e1reas de inter\u00e9s com\u00fan. Desde [&hellip;]<\/p>\n","protected":false},"author":6,"featured_media":5406,"comment_status":"open","ping_status":"open","sticky":false,"template":"","format":"standard","meta":{"footnotes":""},"categories":[18,7],"tags":[],"class_list":["post-5408","post","type-post","status-publish","format-standard","has-post-thumbnail","hentry","category-noticias-principales","category-notas-de-prensa"],"_links":{"self":[{"href":"https:\/\/prensapresidencialvenezuela.gob.ve\/index.php\/wp-json\/wp\/v2\/posts\/5408","targetHints":{"allow":["GET"]}}],"collection":[{"href":"https:\/\/prensapresidencialvenezuela.gob.ve\/index.php\/wp-json\/wp\/v2\/posts"}],"about":[{"href":"https:\/\/prensapresidencialvenezuela.gob.ve\/index.php\/wp-json\/wp\/v2\/types\/post"}],"author":[{"embeddable":true,"href":"https:\/\/prensapresidencialvenezuela.gob.ve\/index.php\/wp-json\/wp\/v2\/users\/6"}],"replies":[{"embeddable":true,"href":"https:\/\/prensapresidencialvenezuela.gob.ve\/index.php\/wp-json\/wp\/v2\/comments?post=5408"}],"version-history":[{"count":1,"href":"https:\/\/prensapresidencialvenezuela.gob.ve\/index.php\/wp-json\/wp\/v2\/posts\/5408\/revisions"}],"predecessor-version":[{"id":5410,"href":"https:\/\/prensapresidencialvenezuela.gob.ve\/index.php\/wp-json\/wp\/v2\/posts\/5408\/revisions\/5410"}],"wp:featuredmedia":[{"embeddable":true,"href":"https:\/\/prensapresidencialvenezuela.gob.ve\/index.php\/wp-json\/wp\/v2\/media\/5406"}],"wp:attachment":[{"href":"https:\/\/prensapresidencialvenezuela.gob.ve\/index.php\/wp-json\/wp\/v2\/media?parent=5408"}],"wp:term":[{"taxonomy":"category","embeddable":true,"href":"https:\/\/prensapresidencialvenezuela.gob.ve\/index.php\/wp-json\/wp\/v2\/categories?post=5408"},{"taxonomy":"post_tag","embeddable":true,"href":"https:\/\/prensapresidencialvenezuela.gob.ve\/index.php\/wp-json\/wp\/v2\/tags?post=5408"}],"curies":[{"name":"wp","href":"https:\/\/api.w.org\/{rel}","templated":true}]}}