{"id":5424,"date":"2023-05-30T17:20:00","date_gmt":"2023-05-30T17:20:00","guid":{"rendered":"http:\/\/172.27.0.121\/?p=5424"},"modified":"2023-05-31T17:22:11","modified_gmt":"2023-05-31T17:22:11","slug":"maduro-y-petro-revisan-nexos-diplomaticos-y-economicos","status":"publish","type":"post","link":"https:\/\/prensapresidencialvenezuela.gob.ve\/index.php\/2023\/05\/30\/maduro-y-petro-revisan-nexos-diplomaticos-y-economicos\/","title":{"rendered":"Maduro y Petro revisan nexos diplom\u00e1ticos y econ\u00f3micos"},"content":{"rendered":"\n<p><strong>Brasilia, Brasil.-<\/strong>&nbsp;Con el objetivo de afianzar las relaciones bilaterales y repasar la agenda de cooperaci\u00f3n estrat\u00e9gica entre ambas naciones, los presidentes de Venezuela, Nicol\u00e1s Maduro, y de Colombia, Gustavo Petro, sostuvieron un encuentro a prop\u00f3sito de la Reuni\u00f3n de los Presidentes de los pa\u00edses de Am\u00e9rica del Sur, que se realiza en Brasilia.<\/p>\n\n\n\n<p>En este sentido, el&nbsp;Palacio de Itamaraty, sede de la Canciller\u00eda de la Rep\u00fablica Federativa de Brasil, sirvi\u00f3 de escenario para reforzar los v\u00ednculos estrat\u00e9gicos mediante el Acuerdo de Creaci\u00f3n de la Comisi\u00f3n de Vecindad e Integraci\u00f3n Colombia \u2013 Venezuela, que apunta a coordinar la cooperaci\u00f3n en espacios fronterizos, as\u00ed como impulsar la complementariedad empresarial con vocaci\u00f3n productiva.<\/p>\n\n\n\n<p>La firma del documento estuvo a cargo de los cancilleres de Colombia, \u00c1lvaro Leyva Dur\u00e1, y de Venezuela, Yv\u00e1n Gil Pinto.<\/p>\n\n\n\n<p>Ambos pa\u00edses impulsan una nueva era de las relaciones con la firma de acuerdos en \u00e1reas medulares como comercio, migraci\u00f3n y seguridad fronteriza, apostando a la cooperaci\u00f3n e integraci\u00f3n para consolidar avances significativos para ambos pueblos.<\/p>\n\n\n\n<p>Muestra de ello es la reapertura de los pasos fronterizos, ejecutado el 1\u00b0 de enero pasado, y la firma del Acuerdo de Alcance Parcial de Naturaleza Comercial N\u00b0 28, entre los dignatarios Nicol\u00e1s Maduro y Gustavo Petro.<\/p>\n\n\n\n<p>\u201cEstamos en una nueva fase de construcci\u00f3n de las relaciones en todos los sentidos, en toda la l\u00ednea de acci\u00f3n. Nuestras relaciones econ\u00f3micas y comerciales van marcando un buen ritmo, una buena din\u00e1mica\u201d, enfatiz\u00f3 el Mandatario nacional tras la firma del Acuerdo, el 16 de febrero de este a\u00f1o<\/p>\n\n\n\n<p>Desde el 26 de septiembre del a\u00f1o pasado se habilit\u00f3 el paso para la carga por los puentes Sim\u00f3n Bol\u00edvar y Francisco de Paula Santander, en la frontera con el Norte de Santander, uno de anhelos del presidente Gustavo Petro Urrego en su pol\u00edtica exterior, que busca avanzar en el restablecimiento de las relaciones pol\u00edticas, diplom\u00e1ticas, sociales y comerciales con el pa\u00eds vecino.<\/p>\n\n\n\n<p>A ello se sum\u00f3 la apertura, desde el pasado 1 de enero, del Puente Atanasio Girardot conocido como \u2018Tienditas\u2019, para el paso de veh\u00edculos de carga y veh\u00edculos particulares.<\/p>\n\n\n\n<p>Colombia y Venezuela avanzan as\u00ed en la normalizaci\u00f3n progresiva de sus relaciones bilaterales y en la integraci\u00f3n y reimpulso de sus relaciones econ\u00f3micas, en un marco de seguridad jur\u00eddica y complementariedad, para beneficio de ambos pueblos.<\/p>\n\n\n\n<p><strong>Prensa Presidencial \/ Karla Cotoret<\/strong><\/p>\n","protected":false},"excerpt":{"rendered":"<p>Brasilia, Brasil.-&nbsp;Con el objetivo de afianzar las relaciones bilaterales y repasar la agenda de cooperaci\u00f3n estrat\u00e9gica entre ambas naciones, los presidentes de Venezuela, Nicol\u00e1s Maduro, y de Colombia, Gustavo Petro, sostuvieron un encuentro a prop\u00f3sito de la Reuni\u00f3n de los Presidentes de los pa\u00edses de Am\u00e9rica del Sur, que se realiza en Brasilia. En este [&hellip;]<\/p>\n","protected":false},"author":6,"featured_media":5425,"comment_status":"open","ping_status":"open","sticky":false,"template":"","format":"standard","meta":{"footnotes":""},"categories":[18,7],"tags":[],"class_list":["post-5424","post","type-post","status-publish","format-standard","has-post-thumbnail","hentry","category-noticias-principales","category-notas-de-prensa"],"_links":{"self":[{"href":"https:\/\/prensapresidencialvenezuela.gob.ve\/index.php\/wp-json\/wp\/v2\/posts\/5424","targetHints":{"allow":["GET"]}}],"collection":[{"href":"https:\/\/prensapresidencialvenezuela.gob.ve\/index.php\/wp-json\/wp\/v2\/posts"}],"about":[{"href":"https:\/\/prensapresidencialvenezuela.gob.ve\/index.php\/wp-json\/wp\/v2\/types\/post"}],"author":[{"embeddable":true,"href":"https:\/\/prensapresidencialvenezuela.gob.ve\/index.php\/wp-json\/wp\/v2\/users\/6"}],"replies":[{"embeddable":true,"href":"https:\/\/prensapresidencialvenezuela.gob.ve\/index.php\/wp-json\/wp\/v2\/comments?post=5424"}],"version-history":[{"count":1,"href":"https:\/\/prensapresidencialvenezuela.gob.ve\/index.php\/wp-json\/wp\/v2\/posts\/5424\/revisions"}],"predecessor-version":[{"id":5426,"href":"https:\/\/prensapresidencialvenezuela.gob.ve\/index.php\/wp-json\/wp\/v2\/posts\/5424\/revisions\/5426"}],"wp:featuredmedia":[{"embeddable":true,"href":"https:\/\/prensapresidencialvenezuela.gob.ve\/index.php\/wp-json\/wp\/v2\/media\/5425"}],"wp:attachment":[{"href":"https:\/\/prensapresidencialvenezuela.gob.ve\/index.php\/wp-json\/wp\/v2\/media?parent=5424"}],"wp:term":[{"taxonomy":"category","embeddable":true,"href":"https:\/\/prensapresidencialvenezuela.gob.ve\/index.php\/wp-json\/wp\/v2\/categories?post=5424"},{"taxonomy":"post_tag","embeddable":true,"href":"https:\/\/prensapresidencialvenezuela.gob.ve\/index.php\/wp-json\/wp\/v2\/tags?post=5424"}],"curies":[{"name":"wp","href":"https:\/\/api.w.org\/{rel}","templated":true}]}}