{"id":5445,"date":"2023-05-30T17:31:00","date_gmt":"2023-05-30T17:31:00","guid":{"rendered":"http:\/\/172.27.0.121\/?p=5445"},"modified":"2023-05-31T17:34:15","modified_gmt":"2023-05-31T17:34:15","slug":"brasil-y-venezuela-lideran-el-reimpulso-de-la-integracion-del-sur","status":"publish","type":"post","link":"https:\/\/prensapresidencialvenezuela.gob.ve\/index.php\/2023\/05\/30\/brasil-y-venezuela-lideran-el-reimpulso-de-la-integracion-del-sur\/","title":{"rendered":"Brasil y Venezuela lideran el reimpulso de la integraci\u00f3n del Sur"},"content":{"rendered":"\n<p><strong>Brasilia, Brasil.-<\/strong>&nbsp;Un hecho hist\u00f3rico sobre la integraci\u00f3n regional que marca un nuevo orden mundial multiplural para Am\u00e9rica Latina liderizan los presidentes de Brasil y Venezuela, toda vez que en la reciente Reuni\u00f3n de Presidentes de los pa\u00edses de Am\u00e9rica del Sur ambos mandatarios enviaron un mensaje claro sobre la necesidad de inclusi\u00f3n e integraci\u00f3n para construir una unidad latinoamericana incluyendo las \u00e1reas de defensa y seguridad.<\/p>\n\n\n\n<p>Brasil y Venezuela sobresalen como los aut\u00e9nticos l\u00edderes de este reimpulso para integrar en un bloque s\u00f3lido a toda Am\u00e9rica del Sur y dem\u00e1s naciones de la regi\u00f3n.<\/p>\n\n\n\n<p>El presidente Nicol\u00e1s Maduro fue contundente al manifestar la agresi\u00f3n permanente en contra de Venezuela, tanto ideol\u00f3gica como econ\u00f3mica, para desunir a las naciones de Am\u00e9rica Latina intentando confundir los procesos de avanzada en pro de la unidad latinoamericana.<\/p>\n\n\n\n<p>Por su parte, el presidente Lula Da Silva mostr\u00f3 gran fortaleza sobre este encuentro para la unificaci\u00f3n de Am\u00e9rica Latina y la regi\u00f3n del Sur.<\/p>\n\n\n\n<p>Al referirse a Venezuela, Lula afirm\u00f3 como hecho hist\u00f3rico el reencuentro con el presidente Maduro, manifestando que Venezuela es un pa\u00eds hermano con el que Brasil va a trabajar unido en distintas \u00e1reas.<\/p>\n\n\n\n<p>Ambos mandatarios dejaron un escenario de paz, de uni\u00f3n y de trabajo, afirmando que en Brasil y Venezuela tienen las puertas y ventanas abiertas para avanzar y contribuir al desarrollo regional.<\/p>\n\n\n\n<p><strong>Prensa Presidencial \/ Orlando Ruiz<\/strong><\/p>\n","protected":false},"excerpt":{"rendered":"<p>Brasilia, Brasil.-&nbsp;Un hecho hist\u00f3rico sobre la integraci\u00f3n regional que marca un nuevo orden mundial multiplural para Am\u00e9rica Latina liderizan los presidentes de Brasil y Venezuela, toda vez que en la reciente Reuni\u00f3n de Presidentes de los pa\u00edses de Am\u00e9rica del Sur ambos mandatarios enviaron un mensaje claro sobre la necesidad de inclusi\u00f3n e integraci\u00f3n para [&hellip;]<\/p>\n","protected":false},"author":6,"featured_media":5446,"comment_status":"open","ping_status":"open","sticky":false,"template":"","format":"standard","meta":{"footnotes":""},"categories":[18,7],"tags":[],"class_list":["post-5445","post","type-post","status-publish","format-standard","has-post-thumbnail","hentry","category-noticias-principales","category-notas-de-prensa"],"_links":{"self":[{"href":"https:\/\/prensapresidencialvenezuela.gob.ve\/index.php\/wp-json\/wp\/v2\/posts\/5445","targetHints":{"allow":["GET"]}}],"collection":[{"href":"https:\/\/prensapresidencialvenezuela.gob.ve\/index.php\/wp-json\/wp\/v2\/posts"}],"about":[{"href":"https:\/\/prensapresidencialvenezuela.gob.ve\/index.php\/wp-json\/wp\/v2\/types\/post"}],"author":[{"embeddable":true,"href":"https:\/\/prensapresidencialvenezuela.gob.ve\/index.php\/wp-json\/wp\/v2\/users\/6"}],"replies":[{"embeddable":true,"href":"https:\/\/prensapresidencialvenezuela.gob.ve\/index.php\/wp-json\/wp\/v2\/comments?post=5445"}],"version-history":[{"count":1,"href":"https:\/\/prensapresidencialvenezuela.gob.ve\/index.php\/wp-json\/wp\/v2\/posts\/5445\/revisions"}],"predecessor-version":[{"id":5447,"href":"https:\/\/prensapresidencialvenezuela.gob.ve\/index.php\/wp-json\/wp\/v2\/posts\/5445\/revisions\/5447"}],"wp:featuredmedia":[{"embeddable":true,"href":"https:\/\/prensapresidencialvenezuela.gob.ve\/index.php\/wp-json\/wp\/v2\/media\/5446"}],"wp:attachment":[{"href":"https:\/\/prensapresidencialvenezuela.gob.ve\/index.php\/wp-json\/wp\/v2\/media?parent=5445"}],"wp:term":[{"taxonomy":"category","embeddable":true,"href":"https:\/\/prensapresidencialvenezuela.gob.ve\/index.php\/wp-json\/wp\/v2\/categories?post=5445"},{"taxonomy":"post_tag","embeddable":true,"href":"https:\/\/prensapresidencialvenezuela.gob.ve\/index.php\/wp-json\/wp\/v2\/tags?post=5445"}],"curies":[{"name":"wp","href":"https:\/\/api.w.org\/{rel}","templated":true}]}}