{"id":5471,"date":"2023-06-01T23:06:00","date_gmt":"2023-06-01T23:06:00","guid":{"rendered":"http:\/\/172.27.0.121\/?p=5471"},"modified":"2023-06-01T23:06:00","modified_gmt":"2023-06-01T23:06:00","slug":"venezuela-registra-el-ano-mas-caliente-de-su-historia-producto-del-cambio-climatico","status":"publish","type":"post","link":"https:\/\/prensapresidencialvenezuela.gob.ve\/index.php\/2023\/06\/01\/venezuela-registra-el-ano-mas-caliente-de-su-historia-producto-del-cambio-climatico\/","title":{"rendered":"Venezuela registra el a\u00f1o m\u00e1s caliente de su historia producto del cambio clim\u00e1tico"},"content":{"rendered":"\n<p><strong>Parroquia Altagracia, Caracas.-<\/strong> El presidente de la Rep\u00fablica Bolivariana de Venezuela, Nicol\u00e1s Maduro, expres\u00f3 su preocupaci\u00f3n por los efectos que el cambio clim\u00e1tico est\u00e1 ocasionando al planeta.<\/p>\n\n\n\n<p>Indic\u00f3 Maduro que Venezuela ya siente el impacto de este fen\u00f3meno y ha venido registrando hasta 4\u00ba cent\u00edgrados por encima de la media ocasionando m\u00e1s calor golpea contundentemente la agricultura.<\/p>\n\n\n\n<p>\u201cHemos estado hasta 4\u00ba cent\u00edgrados por encima de la media, estamos teniendo el a\u00f1o m\u00e1s caliente de la historia de Venezuela\u201d, asever\u00f3 el Presidente.<\/p>\n\n\n\n<p>Durante una jornada de trabajo en la cual se ofreci\u00f3 un balance de la ejecuci\u00f3n de tarea y avances de las Brigadas Comunitarias-Militares para la Educaci\u00f3n y la Salud (Bricomiles), el Jefe de Estado afirm\u00f3 que sigue de cerca el tema de la emergencia clim\u00e1tica.<\/p>\n\n\n\n<p>\u201cEs un tema de mucha importancia, de mucho inter\u00e9s (\u2026) y en la Reuni\u00f3n de Presidentes de los Pa\u00edses Suramericanos, realizada en Brasil, un tema vital fue la emergencia clim\u00e1tica para poder coordinar en Suram\u00e9rica instituciones, grupos de trabajo\u201d que permitan a todos los Gobiernos establecer una sola pol\u00edtica en funci\u00f3n de ser m\u00e1s sostenibles y luchar contra el cambio clim\u00e1tico.<\/p>\n\n\n\n<p><strong>Prensa Presidencial\/Bianca Borrero<\/strong><\/p>\n","protected":false},"excerpt":{"rendered":"<p>Parroquia Altagracia, Caracas.- El presidente de la Rep\u00fablica Bolivariana de Venezuela, Nicol\u00e1s Maduro, expres\u00f3 su preocupaci\u00f3n por los efectos que el cambio clim\u00e1tico est\u00e1 ocasionando al planeta. Indic\u00f3 Maduro que Venezuela ya siente el impacto de este fen\u00f3meno y ha venido registrando hasta 4\u00ba cent\u00edgrados por encima de la media ocasionando m\u00e1s calor golpea contundentemente [&hellip;]<\/p>\n","protected":false},"author":6,"featured_media":5472,"comment_status":"open","ping_status":"open","sticky":false,"template":"","format":"standard","meta":{"footnotes":""},"categories":[18,7],"tags":[30,19,27,20],"class_list":["post-5471","post","type-post","status-publish","format-standard","has-post-thumbnail","hentry","category-noticias-principales","category-notas-de-prensa","tag-destacado","tag-nicolas-maduro","tag-revolucion-bolivariana","tag-venezuela"],"_links":{"self":[{"href":"https:\/\/prensapresidencialvenezuela.gob.ve\/index.php\/wp-json\/wp\/v2\/posts\/5471","targetHints":{"allow":["GET"]}}],"collection":[{"href":"https:\/\/prensapresidencialvenezuela.gob.ve\/index.php\/wp-json\/wp\/v2\/posts"}],"about":[{"href":"https:\/\/prensapresidencialvenezuela.gob.ve\/index.php\/wp-json\/wp\/v2\/types\/post"}],"author":[{"embeddable":true,"href":"https:\/\/prensapresidencialvenezuela.gob.ve\/index.php\/wp-json\/wp\/v2\/users\/6"}],"replies":[{"embeddable":true,"href":"https:\/\/prensapresidencialvenezuela.gob.ve\/index.php\/wp-json\/wp\/v2\/comments?post=5471"}],"version-history":[{"count":1,"href":"https:\/\/prensapresidencialvenezuela.gob.ve\/index.php\/wp-json\/wp\/v2\/posts\/5471\/revisions"}],"predecessor-version":[{"id":5473,"href":"https:\/\/prensapresidencialvenezuela.gob.ve\/index.php\/wp-json\/wp\/v2\/posts\/5471\/revisions\/5473"}],"wp:featuredmedia":[{"embeddable":true,"href":"https:\/\/prensapresidencialvenezuela.gob.ve\/index.php\/wp-json\/wp\/v2\/media\/5472"}],"wp:attachment":[{"href":"https:\/\/prensapresidencialvenezuela.gob.ve\/index.php\/wp-json\/wp\/v2\/media?parent=5471"}],"wp:term":[{"taxonomy":"category","embeddable":true,"href":"https:\/\/prensapresidencialvenezuela.gob.ve\/index.php\/wp-json\/wp\/v2\/categories?post=5471"},{"taxonomy":"post_tag","embeddable":true,"href":"https:\/\/prensapresidencialvenezuela.gob.ve\/index.php\/wp-json\/wp\/v2\/tags?post=5471"}],"curies":[{"name":"wp","href":"https:\/\/api.w.org\/{rel}","templated":true}]}}