{"id":5500,"date":"2023-06-03T14:45:47","date_gmt":"2023-06-03T14:45:47","guid":{"rendered":"http:\/\/172.27.0.121\/?p=5500"},"modified":"2023-06-03T15:02:54","modified_gmt":"2023-06-03T15:02:54","slug":"mas-de-78-delegaciones-asisten-al-complejo-presidencial-de-turkiye","status":"publish","type":"post","link":"https:\/\/prensapresidencialvenezuela.gob.ve\/index.php\/2023\/06\/03\/mas-de-78-delegaciones-asisten-al-complejo-presidencial-de-turkiye\/","title":{"rendered":"M\u00e1s de 78 delegaciones acompa\u00f1an a Erdo\u011fan en toma de posesi\u00f3n"},"content":{"rendered":"\n<p><strong>Ankara, T\u00fcrkiye.-<\/strong>&nbsp;El Complejo Presidencial T\u00fcrkiye, es el escenario donde tomar\u00e1 posesi\u00f3n el reelecto presidente,&nbsp; por tercera vez consecutiva, Recep Tayyip Erdo\u011fan, quien alcanz\u00f3 el apoyo popular con m\u00e1s del 52 por ciento de los votos.<\/p>\n\n\n\n<p>Entre las delegaciones que acompa\u00f1an la toma de posesi\u00f3n del Mandatario turco para el periodo 2023-2025 est\u00e1n Azerbaiy\u00e1n, Armenia, Pakist\u00e1n, Somalia, Argelia y Venezuela.<\/p>\n\n\n\n<p>Adem\u00e1s asisten altos funcionarios como el presidente de la Duma Estatal -la C\u00e1mara Baja del Parlamento de Rusia-, Viacheslav Volodiny y el secretario general de la Organizaci\u00f3n del Tratado del Atl\u00e1ntico Norte (OTAN), Jens Stoltenberg.<\/p>\n\n\n\n<p>Son m\u00e1s de 78 delegaciones que acompa\u00f1an la ceremonia, entre las que se encuentran 23 Jefes de Estado y de Gobierno.<\/p>\n\n\n\n<p><strong>Lazos Caracas-Ankara<\/strong><\/p>\n\n\n\n<p>Las relaciones diplom\u00e1ticas entre T\u00fcrkiye y Venezuela se establecieron el 29 de diciembre de 1950, pero es con la llegada del comandante Hugo Ch\u00e1vez que estas toman un papel relevante cuando, en el a\u00f1o 2009, fue instalada la Comisi\u00f3n Mixta de Alto Nivel.<\/p>\n\n\n\n<p>Los acuerdos con la naci\u00f3n turca se han fortalecido gracias a las estrategias del Gobierno Bolivariano, actualmente liderado por el presidente Nicol\u00e1s Maduro Moros, quien por segunda ocasi\u00f3n asiste a la&nbsp; toma de posesi\u00f3n de su hom\u00f3logo Recep Tayyip Erdo\u011fan, siendo la primera en el 2018.<\/p>\n\n\n\n<p><strong>Prensa Presidencial\/Eduardo Hueck<\/strong><\/p>\n","protected":false},"excerpt":{"rendered":"<p>Ankara, T\u00fcrkiye.-&nbsp;El Complejo Presidencial T\u00fcrkiye, es el escenario donde tomar\u00e1 posesi\u00f3n el reelecto presidente,&nbsp; por tercera vez consecutiva, Recep Tayyip Erdo\u011fan, quien alcanz\u00f3 el apoyo popular con m\u00e1s del 52 por ciento de los votos. Entre las delegaciones que acompa\u00f1an la toma de posesi\u00f3n del Mandatario turco para el periodo 2023-2025 est\u00e1n Azerbaiy\u00e1n, Armenia, Pakist\u00e1n, [&hellip;]<\/p>\n","protected":false},"author":6,"featured_media":5501,"comment_status":"open","ping_status":"open","sticky":false,"template":"","format":"standard","meta":{"footnotes":""},"categories":[18,7],"tags":[30,38,19,27,126,20],"class_list":["post-5500","post","type-post","status-publish","format-standard","has-post-thumbnail","hentry","category-noticias-principales","category-notas-de-prensa","tag-destacado","tag-diplomacia-bolivariana-de-paz","tag-nicolas-maduro","tag-revolucion-bolivariana","tag-turkiye-2","tag-venezuela"],"_links":{"self":[{"href":"https:\/\/prensapresidencialvenezuela.gob.ve\/index.php\/wp-json\/wp\/v2\/posts\/5500","targetHints":{"allow":["GET"]}}],"collection":[{"href":"https:\/\/prensapresidencialvenezuela.gob.ve\/index.php\/wp-json\/wp\/v2\/posts"}],"about":[{"href":"https:\/\/prensapresidencialvenezuela.gob.ve\/index.php\/wp-json\/wp\/v2\/types\/post"}],"author":[{"embeddable":true,"href":"https:\/\/prensapresidencialvenezuela.gob.ve\/index.php\/wp-json\/wp\/v2\/users\/6"}],"replies":[{"embeddable":true,"href":"https:\/\/prensapresidencialvenezuela.gob.ve\/index.php\/wp-json\/wp\/v2\/comments?post=5500"}],"version-history":[{"count":2,"href":"https:\/\/prensapresidencialvenezuela.gob.ve\/index.php\/wp-json\/wp\/v2\/posts\/5500\/revisions"}],"predecessor-version":[{"id":5506,"href":"https:\/\/prensapresidencialvenezuela.gob.ve\/index.php\/wp-json\/wp\/v2\/posts\/5500\/revisions\/5506"}],"wp:featuredmedia":[{"embeddable":true,"href":"https:\/\/prensapresidencialvenezuela.gob.ve\/index.php\/wp-json\/wp\/v2\/media\/5501"}],"wp:attachment":[{"href":"https:\/\/prensapresidencialvenezuela.gob.ve\/index.php\/wp-json\/wp\/v2\/media?parent=5500"}],"wp:term":[{"taxonomy":"category","embeddable":true,"href":"https:\/\/prensapresidencialvenezuela.gob.ve\/index.php\/wp-json\/wp\/v2\/categories?post=5500"},{"taxonomy":"post_tag","embeddable":true,"href":"https:\/\/prensapresidencialvenezuela.gob.ve\/index.php\/wp-json\/wp\/v2\/tags?post=5500"}],"curies":[{"name":"wp","href":"https:\/\/api.w.org\/{rel}","templated":true}]}}