{"id":5507,"date":"2023-06-03T15:31:47","date_gmt":"2023-06-03T15:31:47","guid":{"rendered":"http:\/\/172.27.0.121\/?p=5507"},"modified":"2023-06-03T15:31:47","modified_gmt":"2023-06-03T15:31:47","slug":"perfil-recep-tayyip-erdogan-el-lider-que-promete-construir-el-siglo-de-turkiye","status":"publish","type":"post","link":"https:\/\/prensapresidencialvenezuela.gob.ve\/index.php\/2023\/06\/03\/perfil-recep-tayyip-erdogan-el-lider-que-promete-construir-el-siglo-de-turkiye\/","title":{"rendered":"PERFIL | Recep Tayyip Erdogan, el l\u00edder que promete construir el siglo de T\u00fcrkiye"},"content":{"rendered":"\n<p><strong>Ankara, T\u00fcrkiye.-<\/strong> El presidente Recep Tayyip Erdogan&nbsp;venci\u00f3 al opositor Kemal K\u0131l\u0131\u00e7daro\u011flu&nbsp;en la segunda vuelta electoral, luego que ambos fueron los aspirantes m\u00e1s votados en la primera vuelta realizada el pasado 14 de mayo.<\/p>\n\n\n\n<p>Con el 52.12 por ciento de los votos Erdogan se alz\u00f3 con la victoria para ejercer la presidencia de T\u00fcrkiye por tercera vez.<\/p>\n\n\n\n<p>El l\u00edder turco se pudo presentar a unos nuevos comicios gracias a las enmiendas constitucionales que establecieron un nuevo sistema presidencialista en 2017 y luego de que el Ministerio de Justicia considerar\u00e1 de leg\u00edtima la candidatura.<\/p>\n\n\n\n<p>Recep Tayyip Erdogan naci\u00f3 el 26 de febrero de 1954 en la ciudad turca de Estambul, se licenci\u00f3 en la Facultad de Ciencias Econ\u00f3micas y Empresariales de la Universidad de M\u00e1rmara en 1981.<\/p>\n\n\n\n<p>En marzo de 1994 es electo alcalde de Estambul, cargo con el cual alcanz\u00f3 notoriedad pol\u00edtica, posteriormente en el a\u00f1o 2001, Erdogan crea el Partido de la Justicia y el Desarrollo (AKP, por sus siglas en turco) siendo electo presidente de la agrupaci\u00f3n pol\u00edtica.<\/p>\n\n\n\n<p>Un a\u00f1o despu\u00e9s el partido AKP obtuvo la mayor\u00eda de esca\u00f1os en el Parlamento, lo que le permiti\u00f3 formar Gobierno.<\/p>\n\n\n\n<p>Entre marzo de 2003 y julio de 2007 ejerce como Primer Ministro y encabeza una reforma monetaria que logra estabilizar la econom\u00eda y reducir la inflaci\u00f3n en T\u00fcrkiye. Durante ese periodo adem\u00e1s, toma medidas para normalizar los contactos con Grecia e Ir\u00e1n.<\/p>\n\n\n\n<p>Erdogan se present\u00f3 a las elecciones presidenciales en el a\u00f1o 2014, ganando en primera vuelta con el 52 por ciento de los votos. M\u00e1s tarde, en el a\u00f1o 2018 y tras haber llevado a cabo las reformas de la Constituci\u00f3n es reelecto presidente en las elecciones con el 52.5 por ciento de los votos.<\/p>\n\n\n\n<p>Recep Tayyip Erdogan se ha fijado la meta de reducir el gasto fiscal y sanear las finanzas p\u00fablicas del pa\u00eds, asimismo se ha comprometido a fortalecer las regulaciones para proteger a los ciudadanos de fuertes subidas de alquileres o compraventas.&nbsp;<\/p>\n\n\n\n<p>Prometi\u00f3 la construcci\u00f3n de 650.000 hogares destinados a las v\u00edctimas del fuerte sismo que sacudi\u00f3 el sur del pa\u00eds el pasado mes de febrero.<\/p>\n\n\n\n<p>En el \u00e1mbito econ\u00f3mico, Erdogan buscar\u00e1 avanzar en una econom\u00eda de libre mercado integrada con el mundo para llevar a un crecimiento anual del 5.5 por ciento en 2024-2028 y un PIB de 1.5 billones de d\u00f3lares a finales de 2028.<\/p>\n\n\n\n<p>En lo que se refiere al marco jur\u00eddico, el l\u00edder turco aboga por una nueva Constituci\u00f3n, redactada por un Gobierno civil para reemplazar la actual que fue promulgada tras el golpe militar de 1980.<\/p>\n\n\n\n<p><strong>Prensa Presidencial<\/strong><\/p>\n","protected":false},"excerpt":{"rendered":"<p>Ankara, T\u00fcrkiye.- El presidente Recep Tayyip Erdogan&nbsp;venci\u00f3 al opositor Kemal K\u0131l\u0131\u00e7daro\u011flu&nbsp;en la segunda vuelta electoral, luego que ambos fueron los aspirantes m\u00e1s votados en la primera vuelta realizada el pasado 14 de mayo. Con el 52.12 por ciento de los votos Erdogan se alz\u00f3 con la victoria para ejercer la presidencia de T\u00fcrkiye por tercera [&hellip;]<\/p>\n","protected":false},"author":6,"featured_media":5508,"comment_status":"open","ping_status":"open","sticky":false,"template":"","format":"standard","meta":{"footnotes":""},"categories":[18,7],"tags":[30,38,19,27,126,20],"class_list":["post-5507","post","type-post","status-publish","format-standard","has-post-thumbnail","hentry","category-noticias-principales","category-notas-de-prensa","tag-destacado","tag-diplomacia-bolivariana-de-paz","tag-nicolas-maduro","tag-revolucion-bolivariana","tag-turkiye-2","tag-venezuela"],"_links":{"self":[{"href":"https:\/\/prensapresidencialvenezuela.gob.ve\/index.php\/wp-json\/wp\/v2\/posts\/5507","targetHints":{"allow":["GET"]}}],"collection":[{"href":"https:\/\/prensapresidencialvenezuela.gob.ve\/index.php\/wp-json\/wp\/v2\/posts"}],"about":[{"href":"https:\/\/prensapresidencialvenezuela.gob.ve\/index.php\/wp-json\/wp\/v2\/types\/post"}],"author":[{"embeddable":true,"href":"https:\/\/prensapresidencialvenezuela.gob.ve\/index.php\/wp-json\/wp\/v2\/users\/6"}],"replies":[{"embeddable":true,"href":"https:\/\/prensapresidencialvenezuela.gob.ve\/index.php\/wp-json\/wp\/v2\/comments?post=5507"}],"version-history":[{"count":1,"href":"https:\/\/prensapresidencialvenezuela.gob.ve\/index.php\/wp-json\/wp\/v2\/posts\/5507\/revisions"}],"predecessor-version":[{"id":5509,"href":"https:\/\/prensapresidencialvenezuela.gob.ve\/index.php\/wp-json\/wp\/v2\/posts\/5507\/revisions\/5509"}],"wp:featuredmedia":[{"embeddable":true,"href":"https:\/\/prensapresidencialvenezuela.gob.ve\/index.php\/wp-json\/wp\/v2\/media\/5508"}],"wp:attachment":[{"href":"https:\/\/prensapresidencialvenezuela.gob.ve\/index.php\/wp-json\/wp\/v2\/media?parent=5507"}],"wp:term":[{"taxonomy":"category","embeddable":true,"href":"https:\/\/prensapresidencialvenezuela.gob.ve\/index.php\/wp-json\/wp\/v2\/categories?post=5507"},{"taxonomy":"post_tag","embeddable":true,"href":"https:\/\/prensapresidencialvenezuela.gob.ve\/index.php\/wp-json\/wp\/v2\/tags?post=5507"}],"curies":[{"name":"wp","href":"https:\/\/api.w.org\/{rel}","templated":true}]}}