{"id":5512,"date":"2023-06-03T16:03:49","date_gmt":"2023-06-03T16:03:49","guid":{"rendered":"http:\/\/172.27.0.121\/?p=5512"},"modified":"2023-06-03T16:03:49","modified_gmt":"2023-06-03T16:03:49","slug":"vision-incluyente-seguira-caracterizando-gestion-de-erdogan","status":"publish","type":"post","link":"https:\/\/prensapresidencialvenezuela.gob.ve\/index.php\/2023\/06\/03\/vision-incluyente-seguira-caracterizando-gestion-de-erdogan\/","title":{"rendered":"Visi\u00f3n incluyente seguir\u00e1 caracterizando gesti\u00f3n de Erdo\u011fan"},"content":{"rendered":"\n<p><strong>Ankara, T\u00fcrkiye. \u2013\u00a0<\/strong>En sus palabras en la toma de posesi\u00f3n,\u00a0Recep Tayyip Erdo\u011fan enfatiz\u00f3 que la visi\u00f3n incluyente seguir\u00e1 caracterizando su mandato para el periodo 2023-2028.<\/p>\n\n\n\n<p>Desde el Complejo Presidencial de T\u00fcrkiye, lugar donde tom\u00f3 posesi\u00f3n el reelecto Presidente, en compa\u00f1\u00eda de m\u00e1s de 70 delegaciones, indic\u00f3 que en esta nueva etapa continuar\u00e1n privando principios como la defensa de la democracia y derechos humanos.<\/p>\n\n\n\n<p>\u201cSiempre con la idea de amar, respetar y nunca odiar. Creo en que esto nos ayudar\u00e1 a unirnos (\u2026)\u201d, al subrayar que \u201c<strong>T\u00fcrkiye<\/strong>&nbsp;necesita a toda su poblaci\u00f3n (85 millones de habitantes) para continuar adelante y trabajar m\u00e1s\u201d.<\/p>\n\n\n\n<p>La investidura del Mandatario turco adquiere importancia porque el mundo en el que se recompone un nuevo orden se afianza con liderazgos claros y definidos en su pol\u00edtica exterior, como es el liderazgo que posee Erdo\u011fan.<\/p>\n\n\n\n<p>En de notar que T\u00fcrkiye cuenta con una pol\u00edtica exterior definida y clara, determinada en base a los intereses de su pa\u00eds, y eso es justamente lo que caracteriza a Erdogan, tal y como lo valor\u00f3 en su discurso de este s\u00e1bado 03 de junio, y en el que adem\u00e1s ratific\u00f3 su agradecimiento al pueblo que lo ha apoyado.<\/p>\n\n\n\n<p>Hoy, tambi\u00e9n las relaciones de Am\u00e9rica Latina con la naci\u00f3n euroasi\u00e1tica han aumentado en la \u00e9poca de Erdogan porque su visi\u00f3n es mantener a su naci\u00f3n conectada con el mundo, con las premisas del respeto a la soberan\u00eda, el multilateralismo y la autodeterminaci\u00f3n de los pueblos.<\/p>\n\n\n\n<p><strong>Prensa Presidencial \/ Ana\u00eds P\u00e9rez<\/strong><\/p>\n","protected":false},"excerpt":{"rendered":"<p>Ankara, T\u00fcrkiye. \u2013\u00a0En sus palabras en la toma de posesi\u00f3n,\u00a0Recep Tayyip Erdo\u011fan enfatiz\u00f3 que la visi\u00f3n incluyente seguir\u00e1 caracterizando su mandato para el periodo 2023-2028. Desde el Complejo Presidencial de T\u00fcrkiye, lugar donde tom\u00f3 posesi\u00f3n el reelecto Presidente, en compa\u00f1\u00eda de m\u00e1s de 70 delegaciones, indic\u00f3 que en esta nueva etapa continuar\u00e1n privando principios como [&hellip;]<\/p>\n","protected":false},"author":6,"featured_media":5513,"comment_status":"open","ping_status":"open","sticky":false,"template":"","format":"standard","meta":{"footnotes":""},"categories":[18,7],"tags":[30,38,19,27,126,20],"class_list":["post-5512","post","type-post","status-publish","format-standard","has-post-thumbnail","hentry","category-noticias-principales","category-notas-de-prensa","tag-destacado","tag-diplomacia-bolivariana-de-paz","tag-nicolas-maduro","tag-revolucion-bolivariana","tag-turkiye-2","tag-venezuela"],"_links":{"self":[{"href":"https:\/\/prensapresidencialvenezuela.gob.ve\/index.php\/wp-json\/wp\/v2\/posts\/5512","targetHints":{"allow":["GET"]}}],"collection":[{"href":"https:\/\/prensapresidencialvenezuela.gob.ve\/index.php\/wp-json\/wp\/v2\/posts"}],"about":[{"href":"https:\/\/prensapresidencialvenezuela.gob.ve\/index.php\/wp-json\/wp\/v2\/types\/post"}],"author":[{"embeddable":true,"href":"https:\/\/prensapresidencialvenezuela.gob.ve\/index.php\/wp-json\/wp\/v2\/users\/6"}],"replies":[{"embeddable":true,"href":"https:\/\/prensapresidencialvenezuela.gob.ve\/index.php\/wp-json\/wp\/v2\/comments?post=5512"}],"version-history":[{"count":1,"href":"https:\/\/prensapresidencialvenezuela.gob.ve\/index.php\/wp-json\/wp\/v2\/posts\/5512\/revisions"}],"predecessor-version":[{"id":5514,"href":"https:\/\/prensapresidencialvenezuela.gob.ve\/index.php\/wp-json\/wp\/v2\/posts\/5512\/revisions\/5514"}],"wp:featuredmedia":[{"embeddable":true,"href":"https:\/\/prensapresidencialvenezuela.gob.ve\/index.php\/wp-json\/wp\/v2\/media\/5513"}],"wp:attachment":[{"href":"https:\/\/prensapresidencialvenezuela.gob.ve\/index.php\/wp-json\/wp\/v2\/media?parent=5512"}],"wp:term":[{"taxonomy":"category","embeddable":true,"href":"https:\/\/prensapresidencialvenezuela.gob.ve\/index.php\/wp-json\/wp\/v2\/categories?post=5512"},{"taxonomy":"post_tag","embeddable":true,"href":"https:\/\/prensapresidencialvenezuela.gob.ve\/index.php\/wp-json\/wp\/v2\/tags?post=5512"}],"curies":[{"name":"wp","href":"https:\/\/api.w.org\/{rel}","templated":true}]}}