{"id":5544,"date":"2023-06-09T02:31:34","date_gmt":"2023-06-09T02:31:34","guid":{"rendered":"http:\/\/172.27.0.121\/?p=5544"},"modified":"2023-06-09T02:31:34","modified_gmt":"2023-06-09T02:31:34","slug":"venezuela-y-argelia-fortalecen-alianzas-de-cooperacion-y-hermandad","status":"publish","type":"post","link":"https:\/\/prensapresidencialvenezuela.gob.ve\/index.php\/2023\/06\/09\/venezuela-y-argelia-fortalecen-alianzas-de-cooperacion-y-hermandad\/","title":{"rendered":"Venezuela y Argelia fortalecen alianzas de cooperaci\u00f3n y hermandad"},"content":{"rendered":"\n<p><strong>Palacio de Miraflores, Caracas.- <\/strong>En el marco de la IV Reuni\u00f3n de la Comisi\u00f3n Mixta Intergubernamental Venezuela \u2013 Argelia, el presidente de la Rep\u00fablica, Nicol\u00e1s Maduro, recibi\u00f3 en el Palacio de Miraflores a la delegaci\u00f3n de este pa\u00eds, encabezada por el ministro de Agricultura y Desarrollo Rural, Mohamed Abdelhafid Henni, a fin de fortalecer los lazos de cooperaci\u00f3n y hermandad entre ambos pueblos.<\/p>\n\n\n\n<p>En este contexto, Abdelhafid sostuvo un encuentro con la vicepresidenta Ejecutiva de la Rep\u00fablica, Delcy Rodr\u00edguez, para repasar los mecanismos de cooperaci\u00f3n que buscan afianzar el acercamiento bilateral, as\u00ed como impulsar la producci\u00f3n agr\u00edcola en el pa\u00eds.<\/p>\n\n\n\n<p>En marzo de este a\u00f1o, representantes de Venezuela y Argelia sostuvieron reuniones previas a la realizaci\u00f3n de la comisi\u00f3n mixta, las cuales permitieron revisar y debatir los acuerdos bilaterales y pol\u00edticos, adem\u00e1s de evaluar temas de inter\u00e9s com\u00fan como la conexi\u00f3n a\u00e9rea.<\/p>\n\n\n\n<p>Durante su estad\u00eda en Caracas, del 7 al 9 de junio, Abdelhafid y su delegaci\u00f3n sostendr\u00e1n mesas t\u00e9cnicas de negociaci\u00f3n y encuentros bilaterales con autoridades del Gobierno Bolivariano, en aras de fortalecer el apoyo rec\u00edproco.<\/p>\n\n\n\n<p>En junio de 2022, el presidente Nicol\u00e1s Maduro visit\u00f3 el pa\u00eds africano y anunci\u00f3 la creaci\u00f3n de la comisi\u00f3n mixta para elaborar un mapa bilateral con el prop\u00f3sito de consolidar acuerdos econ\u00f3micos, energ\u00e9ticos, comerciales y culturales.<\/p>\n\n\n\n<p>Argelia y Caracas mantienen relaciones diplom\u00e1ticas desde el 22 de marzo de 1971 y desde la llegada del Comandante Hugo Ch\u00e1vez, los v\u00ednculos de cooperaci\u00f3n se han fortalecido con encuentros de trabajo, consultas pol\u00edticas y la realizaci\u00f3n de tres comisiones mixtas que han permitido la firma de 28 instrumentos jur\u00eddicos bilaterales y memor\u00e1ndum de entendimiento.<\/p>\n\n\n\n<p>Abdelhafid Henni, posee estudios avanzados de bioqu\u00edmica, se ha desempe\u00f1ado como Director General de la Oficina Nacional de Desarrollo de ganader\u00eda equina y camelina, as\u00ed como tambi\u00e9n ha dirigido la Oficina Nacional de Tierras Agr\u00edcola. Fue designado como Ministro de Agricultura y Desarrollo Rural de Argelia en noviembre 2021.<\/p>\n\n\n\n<p>Acompa\u00f1an al ministro argelino, Mohamed Lamini, jefe de Gabinete del ministro de Agricultura y Desarrollo Rural y el embajador del pa\u00eds africano acreditado en Venezuela, Mohamed Abdelkader Hadjazi.<\/p>\n\n\n\n<p>Mientras que, por la delegaci\u00f3n venezolana se encuentran Yv\u00e1n Gil Pinto, canciller de la Rep\u00fablica, Wilmar Castro Soteldo, ministro del Poder Popular para la Agricultura Productiva y Tierras, Yuri Pimentel, viceministro para \u00c1frica, entre otras autoridades del Gobierno Bolivariano.<\/p>\n\n\n\n<p><strong>Prensa Presidencial\/Joelin Jim\u00e9nez<\/strong><\/p>\n","protected":false},"excerpt":{"rendered":"<p>Palacio de Miraflores, Caracas.- En el marco de la IV Reuni\u00f3n de la Comisi\u00f3n Mixta Intergubernamental Venezuela \u2013 Argelia, el presidente de la Rep\u00fablica, Nicol\u00e1s Maduro, recibi\u00f3 en el Palacio de Miraflores a la delegaci\u00f3n de este pa\u00eds, encabezada por el ministro de Agricultura y Desarrollo Rural, Mohamed Abdelhafid Henni, a fin de fortalecer los [&hellip;]<\/p>\n","protected":false},"author":6,"featured_media":5545,"comment_status":"open","ping_status":"open","sticky":false,"template":"","format":"standard","meta":{"footnotes":""},"categories":[18,7],"tags":[128,30,38,19,27,20],"class_list":["post-5544","post","type-post","status-publish","format-standard","has-post-thumbnail","hentry","category-noticias-principales","category-notas-de-prensa","tag-argelia","tag-destacado","tag-diplomacia-bolivariana-de-paz","tag-nicolas-maduro","tag-revolucion-bolivariana","tag-venezuela"],"_links":{"self":[{"href":"https:\/\/prensapresidencialvenezuela.gob.ve\/index.php\/wp-json\/wp\/v2\/posts\/5544","targetHints":{"allow":["GET"]}}],"collection":[{"href":"https:\/\/prensapresidencialvenezuela.gob.ve\/index.php\/wp-json\/wp\/v2\/posts"}],"about":[{"href":"https:\/\/prensapresidencialvenezuela.gob.ve\/index.php\/wp-json\/wp\/v2\/types\/post"}],"author":[{"embeddable":true,"href":"https:\/\/prensapresidencialvenezuela.gob.ve\/index.php\/wp-json\/wp\/v2\/users\/6"}],"replies":[{"embeddable":true,"href":"https:\/\/prensapresidencialvenezuela.gob.ve\/index.php\/wp-json\/wp\/v2\/comments?post=5544"}],"version-history":[{"count":1,"href":"https:\/\/prensapresidencialvenezuela.gob.ve\/index.php\/wp-json\/wp\/v2\/posts\/5544\/revisions"}],"predecessor-version":[{"id":5546,"href":"https:\/\/prensapresidencialvenezuela.gob.ve\/index.php\/wp-json\/wp\/v2\/posts\/5544\/revisions\/5546"}],"wp:featuredmedia":[{"embeddable":true,"href":"https:\/\/prensapresidencialvenezuela.gob.ve\/index.php\/wp-json\/wp\/v2\/media\/5545"}],"wp:attachment":[{"href":"https:\/\/prensapresidencialvenezuela.gob.ve\/index.php\/wp-json\/wp\/v2\/media?parent=5544"}],"wp:term":[{"taxonomy":"category","embeddable":true,"href":"https:\/\/prensapresidencialvenezuela.gob.ve\/index.php\/wp-json\/wp\/v2\/categories?post=5544"},{"taxonomy":"post_tag","embeddable":true,"href":"https:\/\/prensapresidencialvenezuela.gob.ve\/index.php\/wp-json\/wp\/v2\/tags?post=5544"}],"curies":[{"name":"wp","href":"https:\/\/api.w.org\/{rel}","templated":true}]}}