{"id":5550,"date":"2023-06-09T21:44:28","date_gmt":"2023-06-09T21:44:28","guid":{"rendered":"http:\/\/172.27.0.121\/?p=5550"},"modified":"2023-06-09T21:44:28","modified_gmt":"2023-06-09T21:44:28","slug":"venezuela-y-fiscalia-de-la-cpi-suscriben-memorando-de-entendimiento-para-establecer-oficina-en-el-pais","status":"publish","type":"post","link":"https:\/\/prensapresidencialvenezuela.gob.ve\/index.php\/2023\/06\/09\/venezuela-y-fiscalia-de-la-cpi-suscriben-memorando-de-entendimiento-para-establecer-oficina-en-el-pais\/","title":{"rendered":"Venezuela y Fiscal\u00eda de la CPI suscriben Memorando de Entendimiento para establecer oficina en el pa\u00eds"},"content":{"rendered":"\n<p><strong>Palacio de Miraflores, Caracas.-<\/strong>&nbsp;La Rep\u00fablica Bolivariana de Venezuela y la Fiscal\u00eda de la Corte Penal Internacional (CPI) suscriben este viernes un Memorando de Entendimiento sobre el establecimiento de una oficina en el territorio nacional para apoyar la colaboraci\u00f3n con las autoridades venezolanas y la facilitaci\u00f3n de asistencia t\u00e9cnica.<\/p>\n\n\n\n<p>Desde el sal\u00f3n Sol del Per\u00fa del Palacio de Miraflores, ubicado en Caracas, en representaci\u00f3n del Gobierno Nacional rubrica el presidente de la Rep\u00fablica, Nicol\u00e1s Maduro, mientras que por la Fiscal\u00eda de la CPI hace lo propio el Fiscal Jefe Karim A.A. Khan QC.<\/p>\n\n\n\n<p>\u201cEste acuerdo es la realizaci\u00f3n de nuestros esfuerzos, de todo el esfuerzo que usted ha hecho (\u2026) Ahora vamos a poder venir m\u00e1s a menudo a Venezuela y trabajar de manera m\u00e1s cercana, de manera que podamos ayudar a Venezuela con la asistencia t\u00e9cnica\u201d, precis\u00f3 Khan QC.<\/p>\n\n\n\n<p>Detall\u00f3 que la asesor\u00eda t\u00e9cnica permitir\u00e1 que Venezuela \u201cpueda hacer m\u00e1s para cumplir sus obligaciones en el marco del Estatuto de Roma\u201d. En este sentido, subray\u00f3 que los especialistas de las Fiscal\u00eda de la CPI estar\u00e1n en capacidad de \u201cayudar en las reformas judiciales que Venezuela quiere poner en pr\u00e1ctica para garantizar que haya m\u00e1s justicia, m\u00e1s responsabilidad y paz sostenible\u201d.<\/p>\n\n\n\n<p>Al respecto, el jefe de Estado venezolano se\u00f1al\u00f3 que la instalaci\u00f3n de la oficina de la CPI tendr\u00e1 un impacto favorable en el contexto de la complementariedad positiva, fundamentada en el Estatuto de Roma, para \u201cel fortalecimiento de los procesos de reforma y de cambios necesarios del sistema nacional de justicia de Venezuela\u201d.<\/p>\n\n\n\n<p>El documento comprende igualmente la formaci\u00f3n de profesionales y actores principales en materia de justicia, as\u00ed como los pasos para acercar la experiencia de la Fiscal\u00eda de la CPI \u201ca la importante, aunque modesta, experiencia de Venezuela en el desarrollo y construcci\u00f3n de un Estado de derecho, de justicia y democr\u00e1tico que garantice el pleno disfrute de los derechos humanos.<\/p>\n\n\n\n<p>\u201cEs un paso favorable. Hemos logrado un gran consenso y creo que ha sido un consenso favorable. Venezuela es un pa\u00eds donde nos planteamos grandes metas en loa construcci\u00f3n de un Estado alternativo, distinto donde le pueblo sea protagonista de su propio desarrollo\u201d, afirm\u00f3.<\/p>\n\n\n\n<p>La firma del instrumento jur\u00eddico entre el Gobierno Bolivariano y la Fiscal\u00eda de la CPI sucede un d\u00eda despu\u00e9s del encuentro que sostuvieran Nicol\u00e1s Maduro y Karim A.A. Khan QC en el contexto de la tercera visita del Fiscal Jefe a Venezuela, luego de la agenda de trabajo realizada entre el 1\u00b0 y el 3 de noviembre de 2021 y el 31 de marzo de 2022.<\/p>\n\n\n\n<p><strong>Prensa Presidencial<\/strong><\/p>\n","protected":false},"excerpt":{"rendered":"<p>Palacio de Miraflores, Caracas.-&nbsp;La Rep\u00fablica Bolivariana de Venezuela y la Fiscal\u00eda de la Corte Penal Internacional (CPI) suscriben este viernes un Memorando de Entendimiento sobre el establecimiento de una oficina en el territorio nacional para apoyar la colaboraci\u00f3n con las autoridades venezolanas y la facilitaci\u00f3n de asistencia t\u00e9cnica. Desde el sal\u00f3n Sol del Per\u00fa del [&hellip;]<\/p>\n","protected":false},"author":6,"featured_media":5551,"comment_status":"open","ping_status":"open","sticky":false,"template":"","format":"standard","meta":{"footnotes":""},"categories":[18,7],"tags":[129,30,38,19,20],"class_list":["post-5550","post","type-post","status-publish","format-standard","has-post-thumbnail","hentry","category-noticias-principales","category-notas-de-prensa","tag-cpi","tag-destacado","tag-diplomacia-bolivariana-de-paz","tag-nicolas-maduro","tag-venezuela"],"_links":{"self":[{"href":"https:\/\/prensapresidencialvenezuela.gob.ve\/index.php\/wp-json\/wp\/v2\/posts\/5550","targetHints":{"allow":["GET"]}}],"collection":[{"href":"https:\/\/prensapresidencialvenezuela.gob.ve\/index.php\/wp-json\/wp\/v2\/posts"}],"about":[{"href":"https:\/\/prensapresidencialvenezuela.gob.ve\/index.php\/wp-json\/wp\/v2\/types\/post"}],"author":[{"embeddable":true,"href":"https:\/\/prensapresidencialvenezuela.gob.ve\/index.php\/wp-json\/wp\/v2\/users\/6"}],"replies":[{"embeddable":true,"href":"https:\/\/prensapresidencialvenezuela.gob.ve\/index.php\/wp-json\/wp\/v2\/comments?post=5550"}],"version-history":[{"count":1,"href":"https:\/\/prensapresidencialvenezuela.gob.ve\/index.php\/wp-json\/wp\/v2\/posts\/5550\/revisions"}],"predecessor-version":[{"id":5552,"href":"https:\/\/prensapresidencialvenezuela.gob.ve\/index.php\/wp-json\/wp\/v2\/posts\/5550\/revisions\/5552"}],"wp:featuredmedia":[{"embeddable":true,"href":"https:\/\/prensapresidencialvenezuela.gob.ve\/index.php\/wp-json\/wp\/v2\/media\/5551"}],"wp:attachment":[{"href":"https:\/\/prensapresidencialvenezuela.gob.ve\/index.php\/wp-json\/wp\/v2\/media?parent=5550"}],"wp:term":[{"taxonomy":"category","embeddable":true,"href":"https:\/\/prensapresidencialvenezuela.gob.ve\/index.php\/wp-json\/wp\/v2\/categories?post=5550"},{"taxonomy":"post_tag","embeddable":true,"href":"https:\/\/prensapresidencialvenezuela.gob.ve\/index.php\/wp-json\/wp\/v2\/tags?post=5550"}],"curies":[{"name":"wp","href":"https:\/\/api.w.org\/{rel}","templated":true}]}}