{"id":5562,"date":"2023-06-12T21:50:54","date_gmt":"2023-06-12T21:50:54","guid":{"rendered":"http:\/\/172.27.0.121\/?p=5562"},"modified":"2023-06-12T21:50:54","modified_gmt":"2023-06-12T21:50:54","slug":"cilia-flores-sostuvo-encuentro-con-primera-dama-de-iran","status":"publish","type":"post","link":"https:\/\/prensapresidencialvenezuela.gob.ve\/index.php\/2023\/06\/12\/cilia-flores-sostuvo-encuentro-con-primera-dama-de-iran\/","title":{"rendered":"Cilia Flores sostuvo encuentro con Primera Dama de Ir\u00e1n \u00a0"},"content":{"rendered":"\n<p><strong>Casa Amarilla, Caracas.- <\/strong>Como parte de la visita al pa\u00eds este lunes, la primera dama de la Rep\u00fablica Isl\u00e1mica de Ir\u00e1n, Jamileh-Sadat Alamolhoda,, fue recibida por la primera combatiente y diputada a la Asamblea Nacional (AN), Cilia Flores de Maduro, con el prop\u00f3sito de sostener un encuentro privado que busca afianzar las relaciones entre ambas naciones.<\/p>\n\n\n\n<p>El encuentro tuvo lugar en la Casa Amarilla de Caracas \u201cAntonio Jos\u00e9 de Sucre\u201d, donde ambas representantes repasaron temas de inter\u00e9s mutuo, al tiempo que fortalecen los lazos de cooperaci\u00f3n y complementariedad entre pa\u00edses hermanos.<\/p>\n\n\n\n<p>A su llegada al pa\u00eds suramericano, Alamolhoda fue recibida con los honores correspondientes y desarroll\u00f3 una agenda de intercambio cultural y pol\u00edtico con mujeres influyentes en distintas \u00e1reas.<\/p>\n\n\n\n<p>Alamolhoda naci\u00f3 en 1965 en Mashhad, en la provincia de Joras\u00e1n Razav\u00ed situada en el noreste del pa\u00eds. En 2001 recibi\u00f3 su doctorado en el campo de la filosof\u00eda de la educaci\u00f3n en la Universidad Tarbiat Modares.<\/p>\n\n\n\n<p>Asimismo, fue la directora del Instituto de Investigaci\u00f3n en Humanidades, adem\u00e1s de fundar el Instituto de Estudios Fundamentales de Ciencia y Tecnolog\u00eda de la Universidad Shahid Beheshti en 2013 y actualmente es su directora.<\/p>\n\n\n\n<p>Este instituto de investigaci\u00f3n tiene como objetivo presentar modelos de pol\u00edtica cient\u00edfica y tecnol\u00f3gica basados en la comprensi\u00f3n y evaluaci\u00f3n de los aspectos epistemol\u00f3gicos y sociales de la ciencia y la tecnolog\u00eda.2<\/p>\n\n\n\n<p>Ir\u00e1n y Venezuela mantienen estrechos lazos en \u00e1reas de energ\u00eda, cultura, econom\u00eda y pol\u00edtica internacional, como parte de la consolidaci\u00f3n y fortalecimiento de las relaciones bilaterales, desde la llegada del Comandante Hugo Ch\u00e1vez y que se refuerzan con el presidente Nicol\u00e1s Maduro.<\/p>\n\n\n\n<p>Acompa\u00f1an a la Primera Combatiente, Gabriela Jim\u00e9nez Ram\u00edrez, vicepresidenta Sectorial de Ciencia, Tecnolog\u00eda, Educaci\u00f3n y Salud y ministra del Poder Popular de Ciencia y Tecnolog\u00eda; Ernesto Villegas, ministro del Poder Popular para la Cultura; Sandra Oblitas, ministra del Poder Popular para la Educaci\u00f3n Universitaria; Clara Vidal Ventresca, ministra del Poder Popular para los Pueblos Ind\u00edgenas, Dylana D\u00edaz Solano, cient\u00edfica que estudio en la Rep\u00fablica Isl\u00e1mica de Ir\u00e1n, entre otras autoridades e invitados especiales.<\/p>\n\n\n\n<p><strong>Prensa Presidencial\/Joelin Jim\u00e9nez<\/strong><\/p>\n","protected":false},"excerpt":{"rendered":"<p>Casa Amarilla, Caracas.- Como parte de la visita al pa\u00eds este lunes, la primera dama de la Rep\u00fablica Isl\u00e1mica de Ir\u00e1n, Jamileh-Sadat Alamolhoda,, fue recibida por la primera combatiente y diputada a la Asamblea Nacional (AN), Cilia Flores de Maduro, con el prop\u00f3sito de sostener un encuentro privado que busca afianzar las relaciones entre ambas [&hellip;]<\/p>\n","protected":false},"author":6,"featured_media":5563,"comment_status":"open","ping_status":"open","sticky":false,"template":"","format":"standard","meta":{"footnotes":""},"categories":[18,7],"tags":[30,38,56,19,27,20],"class_list":["post-5562","post","type-post","status-publish","format-standard","has-post-thumbnail","hentry","category-noticias-principales","category-notas-de-prensa","tag-destacado","tag-diplomacia-bolivariana-de-paz","tag-iran","tag-nicolas-maduro","tag-revolucion-bolivariana","tag-venezuela"],"_links":{"self":[{"href":"https:\/\/prensapresidencialvenezuela.gob.ve\/index.php\/wp-json\/wp\/v2\/posts\/5562","targetHints":{"allow":["GET"]}}],"collection":[{"href":"https:\/\/prensapresidencialvenezuela.gob.ve\/index.php\/wp-json\/wp\/v2\/posts"}],"about":[{"href":"https:\/\/prensapresidencialvenezuela.gob.ve\/index.php\/wp-json\/wp\/v2\/types\/post"}],"author":[{"embeddable":true,"href":"https:\/\/prensapresidencialvenezuela.gob.ve\/index.php\/wp-json\/wp\/v2\/users\/6"}],"replies":[{"embeddable":true,"href":"https:\/\/prensapresidencialvenezuela.gob.ve\/index.php\/wp-json\/wp\/v2\/comments?post=5562"}],"version-history":[{"count":1,"href":"https:\/\/prensapresidencialvenezuela.gob.ve\/index.php\/wp-json\/wp\/v2\/posts\/5562\/revisions"}],"predecessor-version":[{"id":5564,"href":"https:\/\/prensapresidencialvenezuela.gob.ve\/index.php\/wp-json\/wp\/v2\/posts\/5562\/revisions\/5564"}],"wp:featuredmedia":[{"embeddable":true,"href":"https:\/\/prensapresidencialvenezuela.gob.ve\/index.php\/wp-json\/wp\/v2\/media\/5563"}],"wp:attachment":[{"href":"https:\/\/prensapresidencialvenezuela.gob.ve\/index.php\/wp-json\/wp\/v2\/media?parent=5562"}],"wp:term":[{"taxonomy":"category","embeddable":true,"href":"https:\/\/prensapresidencialvenezuela.gob.ve\/index.php\/wp-json\/wp\/v2\/categories?post=5562"},{"taxonomy":"post_tag","embeddable":true,"href":"https:\/\/prensapresidencialvenezuela.gob.ve\/index.php\/wp-json\/wp\/v2\/tags?post=5562"}],"curies":[{"name":"wp","href":"https:\/\/api.w.org\/{rel}","templated":true}]}}