{"id":5580,"date":"2023-06-13T00:33:41","date_gmt":"2023-06-13T00:33:41","guid":{"rendered":"http:\/\/172.27.0.121\/?p=5580"},"modified":"2023-06-13T00:33:41","modified_gmt":"2023-06-13T00:33:41","slug":"primera-dama-de-iran-rinde-honores-al-comandante-hugo-chavez-en-el-cuartel-de-la-montana","status":"publish","type":"post","link":"https:\/\/prensapresidencialvenezuela.gob.ve\/index.php\/2023\/06\/13\/primera-dama-de-iran-rinde-honores-al-comandante-hugo-chavez-en-el-cuartel-de-la-montana\/","title":{"rendered":"Primera dama de Ir\u00e1n rinde honores al Comandante Hugo Ch\u00e1vez en el Cuartel de la Monta\u00f1a"},"content":{"rendered":"\n<p><strong>Cuartel de la Monta\u00f1a 4F, Caracas.- <\/strong>En compa\u00f1\u00eda de la primera combatiente y diputada a la Asamblea Nacional, Cilia Flores de Maduro, a las 4:25 de la tarde, la primera dama de la Rep\u00fablica Isl\u00e1mica de Ir\u00e1n, Jamileh Alamolhoda, presencia el disparo de la bala de salva que rinde honores al Comandante Hugo Ch\u00e1vez en el Cuartel de la Monta\u00f1a, ubicado en el sector Monte Piedad de Caracas.<\/p>\n\n\n\n<p>El recorrido que se inscribe en la primera visita oficial a Venezuela del presidente de la Rep\u00fablica Isl\u00e1mica de Ir\u00e1n, Sayed Ebrahim Raisi, comprende la imposici\u00f3n de una ofrenda floral ante la Flor de los Cuatro Elementos, estructura dise\u00f1ada por el arquitecto Fruto Vivas y que representa el florecer de la Patria.<\/p>\n\n\n\n<p>\u201cPara las mujeres y los hombres revolucionarios este gesto representa mucho, querer rendir tributo a nuestro Comandante Eterno Hugo Ch\u00e1vez Fr\u00edas. En este recinto nos recargamos de amor y de patriotismo\u201d, subray\u00f3 la primera combatiente Cilia Flores.<\/p>\n\n\n\n<p>En tanto, la primera dama iran\u00ed Jamileh Alamolhoda se\u00f1al\u00f3 sentirse complacida de su visita al Cuartel de la Monta\u00f1a 4F, al tiempo que destac\u00f3 que l\u00edderes como Hugo Ch\u00e1vez \u201cno tienen fronteras, tiempo o espacio\u201d, manteni\u00e9ndose presentes a trav\u00e9s de su ejemplo en la cotidianidad de su pueblo.<\/p>\n\n\n\n<p>Por otro lado, puntualiz\u00f3 que las alianzas entre Caracas y Teher\u00e1n no solo est\u00e1n caracterizadas por su af\u00e1n de crecimiento conjunto, sino por su b\u00fasqueda com\u00fan de justicia y paz.<\/p>\n\n\n\n<p>Durante la estad\u00eda que tambi\u00e9n acompa\u00f1a la viceministra para Asia, Medio Oriente y Ocean\u00eda, Tatiana Pugh, la primera dama Jamileh Alamolhoda presencia la exposici\u00f3n permanente sobre la vida del l\u00edder de la Revoluci\u00f3n Bolivariana, disponible en las salas 2, 4 y 6.<\/p>\n\n\n\n<p>Previamente, tanto Cilia Flores como Jamileh Alamolhoda protagonizaron una reuni\u00f3n ampliada para profundizar los lazos de amistad, respeto mutuo y cooperaci\u00f3n entre Venezuela e Ir\u00e1n.<\/p>\n\n\n\n<p><strong>Prensa Presidencial \/ Karelis Gonz\u00e1lez<\/strong><\/p>\n","protected":false},"excerpt":{"rendered":"<p>Cuartel de la Monta\u00f1a 4F, Caracas.- En compa\u00f1\u00eda de la primera combatiente y diputada a la Asamblea Nacional, Cilia Flores de Maduro, a las 4:25 de la tarde, la primera dama de la Rep\u00fablica Isl\u00e1mica de Ir\u00e1n, Jamileh Alamolhoda, presencia el disparo de la bala de salva que rinde honores al Comandante Hugo Ch\u00e1vez en [&hellip;]<\/p>\n","protected":false},"author":6,"featured_media":5581,"comment_status":"open","ping_status":"open","sticky":false,"template":"","format":"standard","meta":{"footnotes":""},"categories":[18,7],"tags":[30,38,56,19,27,20],"class_list":["post-5580","post","type-post","status-publish","format-standard","has-post-thumbnail","hentry","category-noticias-principales","category-notas-de-prensa","tag-destacado","tag-diplomacia-bolivariana-de-paz","tag-iran","tag-nicolas-maduro","tag-revolucion-bolivariana","tag-venezuela"],"_links":{"self":[{"href":"https:\/\/prensapresidencialvenezuela.gob.ve\/index.php\/wp-json\/wp\/v2\/posts\/5580","targetHints":{"allow":["GET"]}}],"collection":[{"href":"https:\/\/prensapresidencialvenezuela.gob.ve\/index.php\/wp-json\/wp\/v2\/posts"}],"about":[{"href":"https:\/\/prensapresidencialvenezuela.gob.ve\/index.php\/wp-json\/wp\/v2\/types\/post"}],"author":[{"embeddable":true,"href":"https:\/\/prensapresidencialvenezuela.gob.ve\/index.php\/wp-json\/wp\/v2\/users\/6"}],"replies":[{"embeddable":true,"href":"https:\/\/prensapresidencialvenezuela.gob.ve\/index.php\/wp-json\/wp\/v2\/comments?post=5580"}],"version-history":[{"count":1,"href":"https:\/\/prensapresidencialvenezuela.gob.ve\/index.php\/wp-json\/wp\/v2\/posts\/5580\/revisions"}],"predecessor-version":[{"id":5582,"href":"https:\/\/prensapresidencialvenezuela.gob.ve\/index.php\/wp-json\/wp\/v2\/posts\/5580\/revisions\/5582"}],"wp:featuredmedia":[{"embeddable":true,"href":"https:\/\/prensapresidencialvenezuela.gob.ve\/index.php\/wp-json\/wp\/v2\/media\/5581"}],"wp:attachment":[{"href":"https:\/\/prensapresidencialvenezuela.gob.ve\/index.php\/wp-json\/wp\/v2\/media?parent=5580"}],"wp:term":[{"taxonomy":"category","embeddable":true,"href":"https:\/\/prensapresidencialvenezuela.gob.ve\/index.php\/wp-json\/wp\/v2\/categories?post=5580"},{"taxonomy":"post_tag","embeddable":true,"href":"https:\/\/prensapresidencialvenezuela.gob.ve\/index.php\/wp-json\/wp\/v2\/tags?post=5580"}],"curies":[{"name":"wp","href":"https:\/\/api.w.org\/{rel}","templated":true}]}}