{"id":5590,"date":"2023-06-13T18:16:48","date_gmt":"2023-06-13T18:16:48","guid":{"rendered":"http:\/\/172.27.0.121\/?p=5590"},"modified":"2023-06-13T18:16:48","modified_gmt":"2023-06-13T18:16:48","slug":"5590","status":"publish","type":"post","link":"https:\/\/prensapresidencialvenezuela.gob.ve\/index.php\/2023\/06\/13\/5590\/","title":{"rendered":""},"content":{"rendered":"\n<p><strong>Venezuela e Ir\u00e1n acuerdan instalar oficina para afianzar cooperaci\u00f3n tecnol\u00f3gica<\/strong><\/p>\n\n\n\n<p><strong>Teatro Teresa Carre\u00f1o, Caracas.- <\/strong>A prop\u00f3sito de la Comisi\u00f3n de Alto Nivel Venezuela \u2013 Ir\u00e1n, instalada en el Palacio de Miraflores, ambas naciones acordaron la apertura de una oficina en Caracas para afianzar la cooperaci\u00f3n tecnol\u00f3gica.<\/p>\n\n\n\n<p>El anuncio lo realiz\u00f3 el presidente de la Rep\u00fablica Isl\u00e1mica de Ir\u00e1n, Seyed Ebrahim Raisi, quien se\u00f1al\u00f3 la necesidad de ampliar el intercambio en materia de nuevas tecnolog\u00edas, incluida la Inteligencia Artificial (IA), como v\u00eda para profundizar la complementariedad.<\/p>\n\n\n\n<p>\u201cEn las conversaciones que hemos tenido con el presidente Nicol\u00e1s Maduro, hemos acordado instalar una oficina de tecnolog\u00eda en Caracas para materializar a\u00fan m\u00e1s la cooperaci\u00f3n tecnol\u00f3gica\u201d, enfatiz\u00f3 desde el Teatro Teresa Carre\u00f1o, ubicado en Caracas, donde particip\u00f3 en el Encuentro de la Juventud venezolana con Ir\u00e1n.<\/p>\n\n\n\n<p>Raisi puntualiz\u00f3 que el intercambio cient\u00edfico y tecnol\u00f3gico se inscribe en el nuevo orden mundial, raz\u00f3n por la cual abog\u00f3 por la ampliaci\u00f3n de las inversiones en \u00e1reas estrat\u00e9gicas.<\/p>\n\n\n\n<p>Previamente, el presidente de la Rep\u00fablica, Nicol\u00e1s Maduro, subray\u00f3 la importancia de \u201ccaptar los inmensos avances en la ciencia, la tecnolog\u00eda, la innovaci\u00f3n\u201d de la Rep\u00fablica Isl\u00e1mica de Ir\u00e1n para potenciar el desarrollo compartido.<\/p>\n\n\n\n<p>Este lunes, ambas naciones suscribieron 25 acuerdos en diversas \u00e1reas. En este sentido, la meta de intercambio comercial se fij\u00f3 en 10.000 millones de d\u00f3lares con proyecci\u00f3n a expandirse a 20.000 millones de d\u00f3lares.<\/p>\n\n\n\n<p><strong>Prensa Presidencial \/ Karelis Gonz\u00e1lez<\/strong><\/p>\n","protected":false},"excerpt":{"rendered":"<p>Venezuela e Ir\u00e1n acuerdan instalar oficina para afianzar cooperaci\u00f3n tecnol\u00f3gica Teatro Teresa Carre\u00f1o, Caracas.- A prop\u00f3sito de la Comisi\u00f3n de Alto Nivel Venezuela \u2013 Ir\u00e1n, instalada en el Palacio de Miraflores, ambas naciones acordaron la apertura de una oficina en Caracas para afianzar la cooperaci\u00f3n tecnol\u00f3gica. El anuncio lo realiz\u00f3 el presidente de la Rep\u00fablica [&hellip;]<\/p>\n","protected":false},"author":6,"featured_media":5591,"comment_status":"open","ping_status":"open","sticky":false,"template":"","format":"standard","meta":{"footnotes":""},"categories":[18,7],"tags":[30,38,56,19,27,20],"class_list":["post-5590","post","type-post","status-publish","format-standard","has-post-thumbnail","hentry","category-noticias-principales","category-notas-de-prensa","tag-destacado","tag-diplomacia-bolivariana-de-paz","tag-iran","tag-nicolas-maduro","tag-revolucion-bolivariana","tag-venezuela"],"_links":{"self":[{"href":"https:\/\/prensapresidencialvenezuela.gob.ve\/index.php\/wp-json\/wp\/v2\/posts\/5590","targetHints":{"allow":["GET"]}}],"collection":[{"href":"https:\/\/prensapresidencialvenezuela.gob.ve\/index.php\/wp-json\/wp\/v2\/posts"}],"about":[{"href":"https:\/\/prensapresidencialvenezuela.gob.ve\/index.php\/wp-json\/wp\/v2\/types\/post"}],"author":[{"embeddable":true,"href":"https:\/\/prensapresidencialvenezuela.gob.ve\/index.php\/wp-json\/wp\/v2\/users\/6"}],"replies":[{"embeddable":true,"href":"https:\/\/prensapresidencialvenezuela.gob.ve\/index.php\/wp-json\/wp\/v2\/comments?post=5590"}],"version-history":[{"count":1,"href":"https:\/\/prensapresidencialvenezuela.gob.ve\/index.php\/wp-json\/wp\/v2\/posts\/5590\/revisions"}],"predecessor-version":[{"id":5592,"href":"https:\/\/prensapresidencialvenezuela.gob.ve\/index.php\/wp-json\/wp\/v2\/posts\/5590\/revisions\/5592"}],"wp:featuredmedia":[{"embeddable":true,"href":"https:\/\/prensapresidencialvenezuela.gob.ve\/index.php\/wp-json\/wp\/v2\/media\/5591"}],"wp:attachment":[{"href":"https:\/\/prensapresidencialvenezuela.gob.ve\/index.php\/wp-json\/wp\/v2\/media?parent=5590"}],"wp:term":[{"taxonomy":"category","embeddable":true,"href":"https:\/\/prensapresidencialvenezuela.gob.ve\/index.php\/wp-json\/wp\/v2\/categories?post=5590"},{"taxonomy":"post_tag","embeddable":true,"href":"https:\/\/prensapresidencialvenezuela.gob.ve\/index.php\/wp-json\/wp\/v2\/tags?post=5590"}],"curies":[{"name":"wp","href":"https:\/\/api.w.org\/{rel}","templated":true}]}}