{"id":5597,"date":"2023-06-13T19:02:57","date_gmt":"2023-06-13T19:02:57","guid":{"rendered":"http:\/\/172.27.0.121\/?p=5597"},"modified":"2023-06-13T19:02:57","modified_gmt":"2023-06-13T19:02:57","slug":"primera-dama-irani-sostuvo-encuentro-con-estudiantes-de-la-iucom","status":"publish","type":"post","link":"https:\/\/prensapresidencialvenezuela.gob.ve\/index.php\/2023\/06\/13\/primera-dama-irani-sostuvo-encuentro-con-estudiantes-de-la-iucom\/","title":{"rendered":"Primera dama iran\u00ed sostuvo encuentro con estudiantes de la IUCOM"},"content":{"rendered":"\n<p><strong>IUCOM, Caracas.- <\/strong>Este martes, la primera dama iran\u00ed, Jamileh Alamolhoda, sostuvo un encuentro con estudiantes de la Universidad Internacional de la Comunicaci\u00f3n (IUCOM), como parte de la agenda que desarroll\u00f3 los d\u00edas 12 y 13 de junio en Venezuela.<\/p>\n\n\n\n<p>Desde la casa de estudios, Alamolhoda, comparti\u00f3 un di\u00e1logo fraterno con estudiantes para disertar sobre los efectos de la hegemon\u00eda y antivalores comunicacionales en la cultura de los pueblos del mundo.<\/p>\n\n\n\n<p>De igual manera, presenci\u00f3 la exposici\u00f3n fotogr\u00e1fica \u201cRetratos y relatos\u201d, que reflejan la historia de los reporteros que cubrieron el golpe de Estado contra el Comandante Hugo Ch\u00e1vez en abril de 2002.<\/p>\n\n\n\n<p>Durante su visita a Caracas, la primera dama iran\u00ed fue recibida en la Casa Amarilla \u201cAntonio Jos\u00e9 de Sucre\u201d, as\u00ed como tambi\u00e9n se reuni\u00f3 con el movimiento de mujeres influyentes de la Revoluci\u00f3n Bolivariana.<\/p>\n\n\n\n<p>En horas de la tarde del pasado 12 de junio, en compa\u00f1\u00eda de la primera combatiente y diputada a la Asamblea Nacional (AN), Cilia Flores de Maduro, Alamolhoda, rindi\u00f3 honores al Comandante Hugo Ch\u00e1vez en el Cuartel de la Monta\u00f1a, ubicado en el sector Monte Piedad de Caracas.<\/p>\n\n\n\n<p>El presidente de la Rep\u00fablica Isl\u00e1mica de Ir\u00e1n, Seyed Ebrahim Raisi y la Primera Dama, visitaron Venezuela por primera vez, como parte del fortalecimiento de los lazos de integraci\u00f3n y cooperaci\u00f3n entre ambas naciones.<\/p>\n\n\n\n<p><strong>Prensa Presidencial\/Joelin Jim\u00e9nez<\/strong><\/p>\n","protected":false},"excerpt":{"rendered":"<p>IUCOM, Caracas.- Este martes, la primera dama iran\u00ed, Jamileh Alamolhoda, sostuvo un encuentro con estudiantes de la Universidad Internacional de la Comunicaci\u00f3n (IUCOM), como parte de la agenda que desarroll\u00f3 los d\u00edas 12 y 13 de junio en Venezuela. Desde la casa de estudios, Alamolhoda, comparti\u00f3 un di\u00e1logo fraterno con estudiantes para disertar sobre los [&hellip;]<\/p>\n","protected":false},"author":6,"featured_media":5598,"comment_status":"open","ping_status":"open","sticky":false,"template":"","format":"standard","meta":{"footnotes":""},"categories":[18,7],"tags":[30,38,56,19,27,20],"class_list":["post-5597","post","type-post","status-publish","format-standard","has-post-thumbnail","hentry","category-noticias-principales","category-notas-de-prensa","tag-destacado","tag-diplomacia-bolivariana-de-paz","tag-iran","tag-nicolas-maduro","tag-revolucion-bolivariana","tag-venezuela"],"_links":{"self":[{"href":"https:\/\/prensapresidencialvenezuela.gob.ve\/index.php\/wp-json\/wp\/v2\/posts\/5597","targetHints":{"allow":["GET"]}}],"collection":[{"href":"https:\/\/prensapresidencialvenezuela.gob.ve\/index.php\/wp-json\/wp\/v2\/posts"}],"about":[{"href":"https:\/\/prensapresidencialvenezuela.gob.ve\/index.php\/wp-json\/wp\/v2\/types\/post"}],"author":[{"embeddable":true,"href":"https:\/\/prensapresidencialvenezuela.gob.ve\/index.php\/wp-json\/wp\/v2\/users\/6"}],"replies":[{"embeddable":true,"href":"https:\/\/prensapresidencialvenezuela.gob.ve\/index.php\/wp-json\/wp\/v2\/comments?post=5597"}],"version-history":[{"count":1,"href":"https:\/\/prensapresidencialvenezuela.gob.ve\/index.php\/wp-json\/wp\/v2\/posts\/5597\/revisions"}],"predecessor-version":[{"id":5599,"href":"https:\/\/prensapresidencialvenezuela.gob.ve\/index.php\/wp-json\/wp\/v2\/posts\/5597\/revisions\/5599"}],"wp:featuredmedia":[{"embeddable":true,"href":"https:\/\/prensapresidencialvenezuela.gob.ve\/index.php\/wp-json\/wp\/v2\/media\/5598"}],"wp:attachment":[{"href":"https:\/\/prensapresidencialvenezuela.gob.ve\/index.php\/wp-json\/wp\/v2\/media?parent=5597"}],"wp:term":[{"taxonomy":"category","embeddable":true,"href":"https:\/\/prensapresidencialvenezuela.gob.ve\/index.php\/wp-json\/wp\/v2\/categories?post=5597"},{"taxonomy":"post_tag","embeddable":true,"href":"https:\/\/prensapresidencialvenezuela.gob.ve\/index.php\/wp-json\/wp\/v2\/tags?post=5597"}],"curies":[{"name":"wp","href":"https:\/\/api.w.org\/{rel}","templated":true}]}}