{"id":5614,"date":"2023-06-14T23:09:53","date_gmt":"2023-06-14T23:09:53","guid":{"rendered":"http:\/\/172.27.0.121\/?p=5614"},"modified":"2023-06-14T23:09:53","modified_gmt":"2023-06-14T23:09:53","slug":"presidente-llama-a-gobernadores-y-alcaldes-a-priorizar-agenda-productiva-en-las-regiones","status":"publish","type":"post","link":"https:\/\/prensapresidencialvenezuela.gob.ve\/index.php\/2023\/06\/14\/presidente-llama-a-gobernadores-y-alcaldes-a-priorizar-agenda-productiva-en-las-regiones\/","title":{"rendered":"Presidente llama a gobernadores y alcaldes a priorizar agenda productiva en las regiones"},"content":{"rendered":"\n<p><strong>Cuman\u00e1, estado Sucre.- <\/strong>\u201cGobernadores, gobernadoras, alcaldes y alcaldesas en su agenda diaria tiene que estar la prioridad del trabajo productivo\u201d, fue el exhorto realizado por el presidente de la Rep\u00fablica Bolivariana de Venezuela, Nicol\u00e1s Maduro, a l\u00edderes y lideresas regionales este mi\u00e9rcoles 14 de junio.<\/p>\n\n\n\n<p>El Mandatario nacional destac\u00f3 la importancia de articular con los productores de alimentos y con todas las industrias del pa\u00eds, \u201cpara construir una Venezuela nueva, diversificada y productiva\u201d.<\/p>\n\n\n\n<p>La base econ\u00f3mica debe edificarse en el marco productivo y para ello es necesario el trabajo, esfuerzo y planificaci\u00f3n de todos los venezolanos y venezolanas, explic\u00f3 el Presidente.<\/p>\n\n\n\n<p>\u201cTodo se puede hacer desde el amor a la Patria, alguien que viva su vida desde el odio, desde la venganza, el revanchismo y la anti Patria no puede construir a Venezuela (\u2026) Alguien que piense m\u00e1s como gringo que como venezolano nunca jam\u00e1s podr\u00e1 hacer nada positivo por Venezuela, solo nosotros los que amamos a Venezuela, los que amamos la historia de nuestra Patria, con mucho amor y dedicaci\u00f3n, podemos aportar lo positivo para apuntalar nuestro pa\u00eds hacia el futuro\u201d, manifest\u00f3 Maduro durante un recorrido por la empresa PESCAVEN, ubicada en el estado Sucre.<\/p>\n\n\n\n<p><strong>Prensa Presidencial\/Bianca Borrero&nbsp;<\/strong><\/p>\n","protected":false},"excerpt":{"rendered":"<p>Cuman\u00e1, estado Sucre.- \u201cGobernadores, gobernadoras, alcaldes y alcaldesas en su agenda diaria tiene que estar la prioridad del trabajo productivo\u201d, fue el exhorto realizado por el presidente de la Rep\u00fablica Bolivariana de Venezuela, Nicol\u00e1s Maduro, a l\u00edderes y lideresas regionales este mi\u00e9rcoles 14 de junio. El Mandatario nacional destac\u00f3 la importancia de articular con los [&hellip;]<\/p>\n","protected":false},"author":6,"featured_media":5615,"comment_status":"open","ping_status":"open","sticky":false,"template":"","format":"standard","meta":{"footnotes":""},"categories":[18,7],"tags":[30,21,19,27,20],"class_list":["post-5614","post","type-post","status-publish","format-standard","has-post-thumbnail","hentry","category-noticias-principales","category-notas-de-prensa","tag-destacado","tag-economia-venezolana","tag-nicolas-maduro","tag-revolucion-bolivariana","tag-venezuela"],"_links":{"self":[{"href":"https:\/\/prensapresidencialvenezuela.gob.ve\/index.php\/wp-json\/wp\/v2\/posts\/5614","targetHints":{"allow":["GET"]}}],"collection":[{"href":"https:\/\/prensapresidencialvenezuela.gob.ve\/index.php\/wp-json\/wp\/v2\/posts"}],"about":[{"href":"https:\/\/prensapresidencialvenezuela.gob.ve\/index.php\/wp-json\/wp\/v2\/types\/post"}],"author":[{"embeddable":true,"href":"https:\/\/prensapresidencialvenezuela.gob.ve\/index.php\/wp-json\/wp\/v2\/users\/6"}],"replies":[{"embeddable":true,"href":"https:\/\/prensapresidencialvenezuela.gob.ve\/index.php\/wp-json\/wp\/v2\/comments?post=5614"}],"version-history":[{"count":1,"href":"https:\/\/prensapresidencialvenezuela.gob.ve\/index.php\/wp-json\/wp\/v2\/posts\/5614\/revisions"}],"predecessor-version":[{"id":5616,"href":"https:\/\/prensapresidencialvenezuela.gob.ve\/index.php\/wp-json\/wp\/v2\/posts\/5614\/revisions\/5616"}],"wp:featuredmedia":[{"embeddable":true,"href":"https:\/\/prensapresidencialvenezuela.gob.ve\/index.php\/wp-json\/wp\/v2\/media\/5615"}],"wp:attachment":[{"href":"https:\/\/prensapresidencialvenezuela.gob.ve\/index.php\/wp-json\/wp\/v2\/media?parent=5614"}],"wp:term":[{"taxonomy":"category","embeddable":true,"href":"https:\/\/prensapresidencialvenezuela.gob.ve\/index.php\/wp-json\/wp\/v2\/categories?post=5614"},{"taxonomy":"post_tag","embeddable":true,"href":"https:\/\/prensapresidencialvenezuela.gob.ve\/index.php\/wp-json\/wp\/v2\/tags?post=5614"}],"curies":[{"name":"wp","href":"https:\/\/api.w.org\/{rel}","templated":true}]}}