{"id":562,"date":"2022-01-01T23:05:00","date_gmt":"2022-01-01T23:05:00","guid":{"rendered":"http:\/\/172.27.0.121\/?p=562"},"modified":"2022-05-12T23:09:21","modified_gmt":"2022-05-12T23:09:21","slug":"la-revolucion-bolivariana-enfrenta-a-una-ultraderecha-corrompida-y-apatrida","status":"publish","type":"post","link":"https:\/\/prensapresidencialvenezuela.gob.ve\/index.php\/2022\/01\/01\/la-revolucion-bolivariana-enfrenta-a-una-ultraderecha-corrompida-y-apatrida\/","title":{"rendered":"La Revoluci\u00f3n Bolivariana enfrenta a una ultraderecha corrompida y ap\u00e1trida"},"content":{"rendered":"\n<p><strong>Palacio de Miraflores, Caracas.-<\/strong> La Revoluci\u00f3n Bolivariana de Venezuela enfrenta a una ultraderecha corrompida y vende Patria que le ha hecho mucho da\u00f1o al pa\u00eds, as\u00ed lo afirm\u00f3 el presidente constitucional de la Rep\u00fablica, Nicol\u00e1s Maduro Moros, este s\u00e1bado 1\u00ba de enero.<\/p>\n\n\n\n<p>Durante una entrevista exclusiva concedida al periodista espa\u00f1ol, Ignacio Ramonet, el Jefe de Estado venezolano se refiri\u00f3 al despojo de activos propiedad de la Rep\u00fablica ubicados en territorio estadounidense y colombiano.<\/p>\n\n\n\n<p>Al respecto pormenoriz\u00f3 que la empresa petroqu\u00edmica y filial de Petr\u00f3leos de Venezuela, Mon\u00f3meros, bajo la administraci\u00f3n del Gobierno Bolivariano estaba en n\u00fameros positivos, sin embargo ahora \u201cha sido quebrada y destruida por Juan Guaid\u00f3, Leopoldo L\u00f3pez y todo ese grupo de mafiosos\u201d.<\/p>\n\n\n\n<p>Similar suerte tiene el grupo de refinadoras de petr\u00f3leo y comercializadora de gasolina, lubricantes y petroqu\u00edmicos venezolana ubicada en los Estados Unidos, CITGO, que ha sido \u201cdesmantelada y utilizada para cuestiones il\u00edcitas, actividades personales y familiares del grupo de bandidos que le puso sus garras\u201d.<\/p>\n\n\n\n<p>CITGO Petroleum Corporation, bajo la administraci\u00f3n transparente del Gobierno Bolivariano, era una empresa que daba importantes aportes financieros cada a\u00f1o a la Rep\u00fablica, dividendos que eran reinvertidos en vivienda, educaci\u00f3n, salud, entre otros proyectos sociales, detall\u00f3 Maduro.<\/p>\n\n\n\n<p>Ante el despojo de sus activos en el exterior, Venezuela seguir\u00e1 procurando justicia, ampar\u00e1ndose en la v\u00eda legal, no obstante el presidente Maduro denunci\u00f3 que en Estados Unidos no hay garant\u00edas de un proceso justo para que el Estado venezolano recupere CITGO. \u201cEs la justicia imperial, se imponen ellos y tienen secuestrado CITGO, su propiedad, sus activos y sus cuentas bancarias\u201d.<\/p>\n\n\n\n<p>El Mandatario suramericano se\u00f1al\u00f3 que Venezuela da una lucha pol\u00edtica, diplom\u00e1tica y jur\u00eddica para que prevalezcan los derechos del pa\u00eds, pero tambi\u00e9n es una lucha moral.<\/p>\n\n\n\n<p>\u201cEsta gente \u2013la ultraderecha- ha demostrado la podredumbre moral en que se mueven, le pusieron como aves de rapi\u00f1a sus garras a estas empresas -CITGO y Mon\u00f3meros-, a estos activos, y lo que han hecho es rob\u00e1rselos y repart\u00edrselos como un bot\u00edn\u201d, denunci\u00f3.<\/p>\n\n\n\n<p><strong>EEUU financia ultraderecha ap\u00e1trida<\/strong><\/p>\n\n\n\n<p>El presidente venezolano record\u00f3 que el gobierno de Estados Unidos declar\u00f3, hace m\u00e1s de un a\u00f1o, haber entregado unos 1.600 millones de d\u00f3lares al grupo de ultraderecha liderado por Juan Guaid\u00f3 y Leopoldo L\u00f3pez.<\/p>\n\n\n\n<p>\u201cSon 1.600 millones de d\u00f3lares de los contribuyentes estadounidenses, alg\u00fan d\u00eda surgir\u00e1n juristas, gente de bien, que busque la verdad. \u00bfDe d\u00f3nde sacaron el dinero, a quien se lo entregaron y como lo malversaron?\u201d cuestion\u00f3.<\/p>\n\n\n\n<p><strong>Prensa Presidencial\/Bianca Borrero<\/strong><\/p>\n","protected":false},"excerpt":{"rendered":"<p>Palacio de Miraflores, Caracas.- La Revoluci\u00f3n Bolivariana de Venezuela enfrenta a una ultraderecha corrompida y vende Patria que le ha hecho mucho da\u00f1o al pa\u00eds, as\u00ed lo afirm\u00f3 el presidente constitucional de la Rep\u00fablica, Nicol\u00e1s Maduro Moros, este s\u00e1bado 1\u00ba de enero. Durante una entrevista exclusiva concedida al periodista espa\u00f1ol, Ignacio Ramonet, el Jefe de [&hellip;]<\/p>\n","protected":false},"author":7,"featured_media":566,"comment_status":"open","ping_status":"open","sticky":false,"template":"","format":"standard","meta":{"footnotes":""},"categories":[7],"tags":[19,20],"class_list":["post-562","post","type-post","status-publish","format-standard","has-post-thumbnail","hentry","category-notas-de-prensa","tag-nicolas-maduro","tag-venezuela"],"_links":{"self":[{"href":"https:\/\/prensapresidencialvenezuela.gob.ve\/index.php\/wp-json\/wp\/v2\/posts\/562","targetHints":{"allow":["GET"]}}],"collection":[{"href":"https:\/\/prensapresidencialvenezuela.gob.ve\/index.php\/wp-json\/wp\/v2\/posts"}],"about":[{"href":"https:\/\/prensapresidencialvenezuela.gob.ve\/index.php\/wp-json\/wp\/v2\/types\/post"}],"author":[{"embeddable":true,"href":"https:\/\/prensapresidencialvenezuela.gob.ve\/index.php\/wp-json\/wp\/v2\/users\/7"}],"replies":[{"embeddable":true,"href":"https:\/\/prensapresidencialvenezuela.gob.ve\/index.php\/wp-json\/wp\/v2\/comments?post=562"}],"version-history":[{"count":1,"href":"https:\/\/prensapresidencialvenezuela.gob.ve\/index.php\/wp-json\/wp\/v2\/posts\/562\/revisions"}],"predecessor-version":[{"id":567,"href":"https:\/\/prensapresidencialvenezuela.gob.ve\/index.php\/wp-json\/wp\/v2\/posts\/562\/revisions\/567"}],"wp:featuredmedia":[{"embeddable":true,"href":"https:\/\/prensapresidencialvenezuela.gob.ve\/index.php\/wp-json\/wp\/v2\/media\/566"}],"wp:attachment":[{"href":"https:\/\/prensapresidencialvenezuela.gob.ve\/index.php\/wp-json\/wp\/v2\/media?parent=562"}],"wp:term":[{"taxonomy":"category","embeddable":true,"href":"https:\/\/prensapresidencialvenezuela.gob.ve\/index.php\/wp-json\/wp\/v2\/categories?post=562"},{"taxonomy":"post_tag","embeddable":true,"href":"https:\/\/prensapresidencialvenezuela.gob.ve\/index.php\/wp-json\/wp\/v2\/tags?post=562"}],"curies":[{"name":"wp","href":"https:\/\/api.w.org\/{rel}","templated":true}]}}