{"id":5623,"date":"2023-06-14T23:38:41","date_gmt":"2023-06-14T23:38:41","guid":{"rendered":"http:\/\/172.27.0.121\/?p=5623"},"modified":"2023-06-19T22:15:12","modified_gmt":"2023-06-19T22:15:12","slug":"een-claves-decisiones-emanadas-por-el-ejecutivo-para-el-fortalecimiento-del-sector-pesquero","status":"publish","type":"post","link":"https:\/\/prensapresidencialvenezuela.gob.ve\/index.php\/2023\/06\/14\/een-claves-decisiones-emanadas-por-el-ejecutivo-para-el-fortalecimiento-del-sector-pesquero\/","title":{"rendered":"EN CLAVES | Decisiones emanadas por el Ejecutivo para el fortalecimiento del sector pesquero"},"content":{"rendered":"\n<p><strong>Cuman\u00e1, estado Sucre.- <\/strong>A prop\u00f3sito de llevarse a cabo la jornada de Mi\u00e9rcoles Productivo en territorio sucrense, el presidente de la Rep\u00fablica Bolivariana de Venezuela, Nicol\u00e1s Maduro Moros, aprob\u00f3 un conjunto de recursos para el fortalecimiento del sector pesquero nacional.<\/p>\n\n\n\n<p>Conozca a continuaci\u00f3n las decisiones emanadas por el Ejecutivo para apoyar las comunidades pescadoras del pa\u00eds.<\/p>\n\n\n\n<ul class=\"wp-block-list\"><li>Aprobado el financiamiento para el Plan Intensivo de Distribuci\u00f3n de Sardina a escala nacional. Se trata de un Fondo de m\u00e1s de 7 millones 781 mil bol\u00edvares (retornables) para la adquisici\u00f3n de 960 toneladas de este rubro que ser\u00e1 distribuido en todo el territorio venezolano.<\/li><li>Se reactiva la Caravana de la Sardina, gracias a la inyecci\u00f3n de 4 millones 863 mil bol\u00edvares (retornables) a los Programas de Alimentaci\u00f3n.<\/li><li>Se autoriza la implementaci\u00f3n del Plan Nacional de Renovaci\u00f3n de los Consejos del Poder Popular de Pescadores y Acuicultores, en funci\u00f3n de fortalecer estas estructuras de organizaci\u00f3n y avanzar en la renovaci\u00f3n de las vocer\u00edas a escala nacional y la creaci\u00f3n de la Taquilla \u00danica de Legalizaci\u00f3n.<\/li><li>Aprobado el proceso de Registro Nacional de Pescadores y Pescadoras a trav\u00e9s del Sistema Patria, a fin de garantizar un Plan Especial de Protecci\u00f3n de los Pescadores y Pescadoras.<\/li><li>Aprobado el inicio de la consulta nacional en el que participe todo el movimiento nacional de pescadores y pescadoras para el perfeccionamiento y reforma de la Ley de Pesca y Acuicultura.<\/li><li>Aprobado plan especial para la expansi\u00f3n del cultivo de peces y siembra de acuicultura en embalses de riego del pa\u00eds.<\/li><\/ul>\n\n\n\n<p>El presidente Maduro agradeci\u00f3 al sector pesquero por continuar, a pesar de las adversidades, contribuyendo a la alimentaci\u00f3n del pueblo y al desarrollo del pa\u00eds.<\/p>\n\n\n\n<p><strong>Prensa Presidencial\/Bianca Borrero<\/strong><\/p>\n","protected":false},"excerpt":{"rendered":"<p>Cuman\u00e1, estado Sucre.- A prop\u00f3sito de llevarse a cabo la jornada de Mi\u00e9rcoles Productivo en territorio sucrense, el presidente de la Rep\u00fablica Bolivariana de Venezuela, Nicol\u00e1s Maduro Moros, aprob\u00f3 un conjunto de recursos para el fortalecimiento del sector pesquero nacional. Conozca a continuaci\u00f3n las decisiones emanadas por el Ejecutivo para apoyar las comunidades pescadoras del [&hellip;]<\/p>\n","protected":false},"author":6,"featured_media":5624,"comment_status":"open","ping_status":"open","sticky":false,"template":"","format":"standard","meta":{"footnotes":""},"categories":[18,7],"tags":[30,21,19,27,20],"class_list":["post-5623","post","type-post","status-publish","format-standard","has-post-thumbnail","hentry","category-noticias-principales","category-notas-de-prensa","tag-destacado","tag-economia-venezolana","tag-nicolas-maduro","tag-revolucion-bolivariana","tag-venezuela"],"_links":{"self":[{"href":"https:\/\/prensapresidencialvenezuela.gob.ve\/index.php\/wp-json\/wp\/v2\/posts\/5623","targetHints":{"allow":["GET"]}}],"collection":[{"href":"https:\/\/prensapresidencialvenezuela.gob.ve\/index.php\/wp-json\/wp\/v2\/posts"}],"about":[{"href":"https:\/\/prensapresidencialvenezuela.gob.ve\/index.php\/wp-json\/wp\/v2\/types\/post"}],"author":[{"embeddable":true,"href":"https:\/\/prensapresidencialvenezuela.gob.ve\/index.php\/wp-json\/wp\/v2\/users\/6"}],"replies":[{"embeddable":true,"href":"https:\/\/prensapresidencialvenezuela.gob.ve\/index.php\/wp-json\/wp\/v2\/comments?post=5623"}],"version-history":[{"count":2,"href":"https:\/\/prensapresidencialvenezuela.gob.ve\/index.php\/wp-json\/wp\/v2\/posts\/5623\/revisions"}],"predecessor-version":[{"id":5627,"href":"https:\/\/prensapresidencialvenezuela.gob.ve\/index.php\/wp-json\/wp\/v2\/posts\/5623\/revisions\/5627"}],"wp:featuredmedia":[{"embeddable":true,"href":"https:\/\/prensapresidencialvenezuela.gob.ve\/index.php\/wp-json\/wp\/v2\/media\/5624"}],"wp:attachment":[{"href":"https:\/\/prensapresidencialvenezuela.gob.ve\/index.php\/wp-json\/wp\/v2\/media?parent=5623"}],"wp:term":[{"taxonomy":"category","embeddable":true,"href":"https:\/\/prensapresidencialvenezuela.gob.ve\/index.php\/wp-json\/wp\/v2\/categories?post=5623"},{"taxonomy":"post_tag","embeddable":true,"href":"https:\/\/prensapresidencialvenezuela.gob.ve\/index.php\/wp-json\/wp\/v2\/tags?post=5623"}],"curies":[{"name":"wp","href":"https:\/\/api.w.org\/{rel}","templated":true}]}}