{"id":5641,"date":"2023-06-15T22:27:00","date_gmt":"2023-06-15T22:27:00","guid":{"rendered":"http:\/\/172.27.0.121\/?p=5641"},"modified":"2023-06-19T22:28:25","modified_gmt":"2023-06-19T22:28:25","slug":"presidente-reconoce-trayectoria-de-la-fisica-anamaria-font-ante-su-premiacion-en-la-unesco","status":"publish","type":"post","link":"https:\/\/prensapresidencialvenezuela.gob.ve\/index.php\/2023\/06\/15\/presidente-reconoce-trayectoria-de-la-fisica-anamaria-font-ante-su-premiacion-en-la-unesco\/","title":{"rendered":"Presidente reconoce trayectoria de la f\u00edsica Anamar\u00eda Font ante su premiaci\u00f3n en la UNESCO"},"content":{"rendered":"\n<p><strong>Palacio de Miraflores, Caracas.-&nbsp;<\/strong>Ante el reconocimiento que otorga la Organizaci\u00f3n de las Naciones Unidas para la Educaci\u00f3n, la Ciencia y la Cultura (UNESCO) a la f\u00edsica venezolana Anamar\u00eda Font, el presidente de la Rep\u00fablica, Nicol\u00e1s Maduro, reconoci\u00f3 su aporte en la promoci\u00f3n de la participaci\u00f3n femenina en la ciencia.<\/p>\n\n\n\n<p>\u201cEs un gran orgullo para Venezuela contar con mujeres como Anamar\u00eda Font. La UNESCO le ha entregado un merecido reconocimiento por sus valiosos aportes: Premio Internacional \u201cLa Mujer en la Ciencia\u201d, recalc\u00f3 a trav\u00e9s de su cuenta en la red social Twitter, @NicolasMaduro.<\/p>\n\n\n\n<p>Nacida en la ciudad de Anaco, ubicada en el estado Anzo\u00e1tegui, Anamar\u00eda Font es homenajeada en Par\u00eds, capital de Francia, por su trabajo en la Teor\u00eda de Cuerdas, estructuras de part\u00edculas y formaciones a partir del Big Bag (Teor\u00eda de la Gran Explosi\u00f3n).<\/p>\n\n\n\n<p>Font, de 64 a\u00f1os, es Licenciada en F\u00edsica, Cum Laude de la Universidad Sim\u00f3n Bol\u00edvar. Asimismo, cuenta con un doctorado en la Universidad de Texas, en Estados Unidos, gracias a una tesis sobre la Teor\u00eda de la Supergravedad en cuatro dimensiones que surgen de las supercuerdas.<\/p>\n\n\n\n<p>La distinci\u00f3n entregada este jueves a Anamar\u00eda Font, quien se desempe\u00f1a como profesora en la Universidad Central de Venezuela (UCV), reivindica su protagonismo en la regi\u00f3n de Am\u00e9rica Latina y el Caribe, desprendi\u00e9ndose de un homenaje a las carreras de cinco cient\u00edficas del mundo por la contribuci\u00f3n de sus investigaciones en ciencias f\u00edsicas, matem\u00e1ticas e inform\u00e1tica a la sociedad.<\/p>\n\n\n\n<p><strong>Prensa Presidencial \/ Karelis Gonz\u00e1lez<\/strong><\/p>\n","protected":false},"excerpt":{"rendered":"<p>Palacio de Miraflores, Caracas.-&nbsp;Ante el reconocimiento que otorga la Organizaci\u00f3n de las Naciones Unidas para la Educaci\u00f3n, la Ciencia y la Cultura (UNESCO) a la f\u00edsica venezolana Anamar\u00eda Font, el presidente de la Rep\u00fablica, Nicol\u00e1s Maduro, reconoci\u00f3 su aporte en la promoci\u00f3n de la participaci\u00f3n femenina en la ciencia. \u201cEs un gran orgullo para Venezuela [&hellip;]<\/p>\n","protected":false},"author":6,"featured_media":5642,"comment_status":"open","ping_status":"open","sticky":false,"template":"","format":"standard","meta":{"footnotes":""},"categories":[18,7],"tags":[],"class_list":["post-5641","post","type-post","status-publish","format-standard","has-post-thumbnail","hentry","category-noticias-principales","category-notas-de-prensa"],"_links":{"self":[{"href":"https:\/\/prensapresidencialvenezuela.gob.ve\/index.php\/wp-json\/wp\/v2\/posts\/5641","targetHints":{"allow":["GET"]}}],"collection":[{"href":"https:\/\/prensapresidencialvenezuela.gob.ve\/index.php\/wp-json\/wp\/v2\/posts"}],"about":[{"href":"https:\/\/prensapresidencialvenezuela.gob.ve\/index.php\/wp-json\/wp\/v2\/types\/post"}],"author":[{"embeddable":true,"href":"https:\/\/prensapresidencialvenezuela.gob.ve\/index.php\/wp-json\/wp\/v2\/users\/6"}],"replies":[{"embeddable":true,"href":"https:\/\/prensapresidencialvenezuela.gob.ve\/index.php\/wp-json\/wp\/v2\/comments?post=5641"}],"version-history":[{"count":1,"href":"https:\/\/prensapresidencialvenezuela.gob.ve\/index.php\/wp-json\/wp\/v2\/posts\/5641\/revisions"}],"predecessor-version":[{"id":5643,"href":"https:\/\/prensapresidencialvenezuela.gob.ve\/index.php\/wp-json\/wp\/v2\/posts\/5641\/revisions\/5643"}],"wp:featuredmedia":[{"embeddable":true,"href":"https:\/\/prensapresidencialvenezuela.gob.ve\/index.php\/wp-json\/wp\/v2\/media\/5642"}],"wp:attachment":[{"href":"https:\/\/prensapresidencialvenezuela.gob.ve\/index.php\/wp-json\/wp\/v2\/media?parent=5641"}],"wp:term":[{"taxonomy":"category","embeddable":true,"href":"https:\/\/prensapresidencialvenezuela.gob.ve\/index.php\/wp-json\/wp\/v2\/categories?post=5641"},{"taxonomy":"post_tag","embeddable":true,"href":"https:\/\/prensapresidencialvenezuela.gob.ve\/index.php\/wp-json\/wp\/v2\/tags?post=5641"}],"curies":[{"name":"wp","href":"https:\/\/api.w.org\/{rel}","templated":true}]}}