{"id":5644,"date":"2023-06-15T22:29:00","date_gmt":"2023-06-15T22:29:00","guid":{"rendered":"http:\/\/172.27.0.121\/?p=5644"},"modified":"2023-06-19T22:30:31","modified_gmt":"2023-06-19T22:30:31","slug":"embajador-de-uruguay-entrega-cartas-credenciales-ante-el-presidente-maduro","status":"publish","type":"post","link":"https:\/\/prensapresidencialvenezuela.gob.ve\/index.php\/2023\/06\/15\/embajador-de-uruguay-entrega-cartas-credenciales-ante-el-presidente-maduro\/","title":{"rendered":"Embajador de Uruguay entrega cartas credenciales ante el presidente Maduro"},"content":{"rendered":"\n<p><strong>Palacio de Miraflores, Caracas.-&nbsp;<\/strong>El embajador de la Rep\u00fablica Oriental de Uruguay, Eber da Rosa, presenta este jueves 15 de junio las Cartas Credenciales ante el presidente de la Rep\u00fablica Bolivariana de Venezuela, Nicol\u00e1s Maduro Moros, que lo acreditan como diplom\u00e1tico ante el pa\u00eds.<\/p>\n\n\n\n<p>Desde el Sal\u00f3n Sol del Per\u00fa, ubicado en el Palacio de Miraflores, el Mandatario nacional recibe al Embajador, luego de siete a\u00f1os de ausencia de esta figura&nbsp; diplom\u00e1tica uruguaya en territorio venezolano, tras la decisi\u00f3n de Montevideo de asignar a Carlos Bentancour como encargado de negocios en Caracas una vez que Jos\u00e9 Mujica abandonara el cargo.<\/p>\n\n\n\n<p>La designaci\u00f3n de Eber da Rosa marca un giro en la postura que el gobierno de Luis Lacalle Pou ha mantenido con respecto a Venezuela y busca dar un paso importante para elevar las relaciones bilaterales y di\u00e1logo diplom\u00e1tico entre ambas naciones.<\/p>\n\n\n\n<p>Da Rosa fue intendente del departamento de Tacuaremb\u00f3 durante tres periodos (1995-2000, 2000-2005 y 2015-2020) y senador de Uruguay entre 2005 y 2015. Es considerado como el hombre de mayor confianza del l\u00edder del sector Alianza Nacional, Jorge Larra\u00f1aga.<\/p>\n\n\n\n<p>Es abogado y pol\u00edtico con amplia experiencia diplom\u00e1tica. Actualmente es miembro del directorio y secretario del general del sector mayoritario del Partido Alianza Nacional.<\/p>\n\n\n\n<p>La decisi\u00f3n de restablecer la figura de embajador en Caracas fue tomada por el gobierno uruguayo a mediados de noviembre de 2022.<\/p>\n\n\n\n<p><strong>Prensa Presidencial \/ Joelin Jim\u00e9nez<\/strong><\/p>\n","protected":false},"excerpt":{"rendered":"<p>Palacio de Miraflores, Caracas.-&nbsp;El embajador de la Rep\u00fablica Oriental de Uruguay, Eber da Rosa, presenta este jueves 15 de junio las Cartas Credenciales ante el presidente de la Rep\u00fablica Bolivariana de Venezuela, Nicol\u00e1s Maduro Moros, que lo acreditan como diplom\u00e1tico ante el pa\u00eds. Desde el Sal\u00f3n Sol del Per\u00fa, ubicado en el Palacio de Miraflores, [&hellip;]<\/p>\n","protected":false},"author":6,"featured_media":5645,"comment_status":"open","ping_status":"open","sticky":false,"template":"","format":"standard","meta":{"footnotes":""},"categories":[18,7],"tags":[],"class_list":["post-5644","post","type-post","status-publish","format-standard","has-post-thumbnail","hentry","category-noticias-principales","category-notas-de-prensa"],"_links":{"self":[{"href":"https:\/\/prensapresidencialvenezuela.gob.ve\/index.php\/wp-json\/wp\/v2\/posts\/5644","targetHints":{"allow":["GET"]}}],"collection":[{"href":"https:\/\/prensapresidencialvenezuela.gob.ve\/index.php\/wp-json\/wp\/v2\/posts"}],"about":[{"href":"https:\/\/prensapresidencialvenezuela.gob.ve\/index.php\/wp-json\/wp\/v2\/types\/post"}],"author":[{"embeddable":true,"href":"https:\/\/prensapresidencialvenezuela.gob.ve\/index.php\/wp-json\/wp\/v2\/users\/6"}],"replies":[{"embeddable":true,"href":"https:\/\/prensapresidencialvenezuela.gob.ve\/index.php\/wp-json\/wp\/v2\/comments?post=5644"}],"version-history":[{"count":1,"href":"https:\/\/prensapresidencialvenezuela.gob.ve\/index.php\/wp-json\/wp\/v2\/posts\/5644\/revisions"}],"predecessor-version":[{"id":5646,"href":"https:\/\/prensapresidencialvenezuela.gob.ve\/index.php\/wp-json\/wp\/v2\/posts\/5644\/revisions\/5646"}],"wp:featuredmedia":[{"embeddable":true,"href":"https:\/\/prensapresidencialvenezuela.gob.ve\/index.php\/wp-json\/wp\/v2\/media\/5645"}],"wp:attachment":[{"href":"https:\/\/prensapresidencialvenezuela.gob.ve\/index.php\/wp-json\/wp\/v2\/media?parent=5644"}],"wp:term":[{"taxonomy":"category","embeddable":true,"href":"https:\/\/prensapresidencialvenezuela.gob.ve\/index.php\/wp-json\/wp\/v2\/categories?post=5644"},{"taxonomy":"post_tag","embeddable":true,"href":"https:\/\/prensapresidencialvenezuela.gob.ve\/index.php\/wp-json\/wp\/v2\/tags?post=5644"}],"curies":[{"name":"wp","href":"https:\/\/api.w.org\/{rel}","templated":true}]}}