{"id":5650,"date":"2023-06-16T22:32:00","date_gmt":"2023-06-16T22:32:00","guid":{"rendered":"http:\/\/172.27.0.121\/?p=5650"},"modified":"2023-06-19T22:33:17","modified_gmt":"2023-06-19T22:33:17","slug":"convocatoria-para-conformar-comite-de-postulacion-electoral-iniciara-este-lunes-ante-la-an","status":"publish","type":"post","link":"https:\/\/prensapresidencialvenezuela.gob.ve\/index.php\/2023\/06\/16\/convocatoria-para-conformar-comite-de-postulacion-electoral-iniciara-este-lunes-ante-la-an\/","title":{"rendered":"Convocatoria para conformar Comit\u00e9 de Postulaci\u00f3n Electoral iniciar\u00e1 este lunes ante la AN"},"content":{"rendered":"\n<p><strong>Palacio de Miraflores, Caracas.-<\/strong>&nbsp;Tras sostener una reuni\u00f3n este viernes la Comisi\u00f3n Preliminar para conformar el Comit\u00e9 de Postulaciones Electorales acord\u00f3 iniciar este lunes el proceso de peticiones de ciudadanos y ciudadanas que se sumar\u00e1n a los diputados que tendr\u00e1n la responsabilidad de elegir a los nuevos rectores y rectoras, principales y suplentes, del Consejo Nacional Electoral (CNE).<\/p>\n\n\n\n<p>As\u00ed lo dio a conocer el diputado Giuseppe Alessandrello durante declaraciones ofrecidas a los medios de comunicaci\u00f3n en la sede del Poder Legislativo.<\/p>\n\n\n\n<p>\u201cLa Asamblea Nacional en plenaria decidir\u00e1 finalmente quienes son las rectoras y rectores del Consejo Nacional Electoral, en ese orden de ideas esta Comisi\u00f3n Preliminar tiene la funci\u00f3n de incorporar a su seno a diez ciudadanos que vienen de la sociedad civil (\u2026) y de esa manera constituirnos en la comisi\u00f3n respectiva\u201d.<\/p>\n\n\n\n<p>El proceso de postulaciones tendr\u00e1 un lapso de siete d\u00edas continuos a partir de su inicio el 19 de junio de 2023, detall\u00f3 Alessandrello al manifestar que la Asamblea Nacional \u201cest\u00e1 muy consciente de la responsabilidad republicana que tenemos y a tal fin trabajaremos de acuerdo a lo que establece la Constituci\u00f3n de la Rep\u00fablica Bolivariana de Venezuela y la Ley Org\u00e1nica del Poder Electoral para llevar a feliz t\u00e9rmino la tarea que se nos ha asignado\u201d.<\/p>\n\n\n\n<p>Por su parte, el diputado Jos\u00e9 Gregorio Correa se\u00f1al\u00f3 que el Poder Legislativo tiene el compromiso de \u201cdarle la mayor seguridad al ciudadano de que tendr\u00e1 unos rectores que puedan coadyuvar al reencuentro del ciudadano en el voto, en el centro electoral, que la \u00fanica forma de en la que nosotros podemos dirimir nuestras diferencias es en el centro electoral\u201d.<\/p>\n\n\n\n<p>La Comisi\u00f3n Preliminar est\u00e1 integrada por los diputados Giuseppe Alessandrello, Cilia Flores, Desiree Santos Amaral, Jos\u00e9 Gregorio Correa (AD\/Nacional), Nosliw Rodr\u00edguez, Didalco Bol\u00edvar, Jos\u00e9 Villarroel, Luis Augusto Romero, Miguel Salazar Rodr\u00edguez, Ricardo S\u00e1nchez y Gloria Castillo.<\/p>\n\n\n\n<p>Este jueves en sesi\u00f3n ordinaria, actuando de conformidad con los art\u00edculos 295, de la Constituci\u00f3n de la Rep\u00fablica Bolivariana de Venezuela, y los 12, 13, 19, 20, 21, 22 y 23 de la Ley Org\u00e1nica del Poder Electoral, la Asamblea Nacional acept\u00f3 la decisi\u00f3n de los rectores del CNE, de poner sus cargos a la orden.<\/p>\n\n\n\n<p><strong>Prensa Presidencial<\/strong><\/p>\n","protected":false},"excerpt":{"rendered":"<p>Palacio de Miraflores, Caracas.-&nbsp;Tras sostener una reuni\u00f3n este viernes la Comisi\u00f3n Preliminar para conformar el Comit\u00e9 de Postulaciones Electorales acord\u00f3 iniciar este lunes el proceso de peticiones de ciudadanos y ciudadanas que se sumar\u00e1n a los diputados que tendr\u00e1n la responsabilidad de elegir a los nuevos rectores y rectoras, principales y suplentes, del Consejo Nacional [&hellip;]<\/p>\n","protected":false},"author":6,"featured_media":5651,"comment_status":"open","ping_status":"open","sticky":false,"template":"","format":"standard","meta":{"footnotes":""},"categories":[18,7],"tags":[],"class_list":["post-5650","post","type-post","status-publish","format-standard","has-post-thumbnail","hentry","category-noticias-principales","category-notas-de-prensa"],"_links":{"self":[{"href":"https:\/\/prensapresidencialvenezuela.gob.ve\/index.php\/wp-json\/wp\/v2\/posts\/5650","targetHints":{"allow":["GET"]}}],"collection":[{"href":"https:\/\/prensapresidencialvenezuela.gob.ve\/index.php\/wp-json\/wp\/v2\/posts"}],"about":[{"href":"https:\/\/prensapresidencialvenezuela.gob.ve\/index.php\/wp-json\/wp\/v2\/types\/post"}],"author":[{"embeddable":true,"href":"https:\/\/prensapresidencialvenezuela.gob.ve\/index.php\/wp-json\/wp\/v2\/users\/6"}],"replies":[{"embeddable":true,"href":"https:\/\/prensapresidencialvenezuela.gob.ve\/index.php\/wp-json\/wp\/v2\/comments?post=5650"}],"version-history":[{"count":1,"href":"https:\/\/prensapresidencialvenezuela.gob.ve\/index.php\/wp-json\/wp\/v2\/posts\/5650\/revisions"}],"predecessor-version":[{"id":5652,"href":"https:\/\/prensapresidencialvenezuela.gob.ve\/index.php\/wp-json\/wp\/v2\/posts\/5650\/revisions\/5652"}],"wp:featuredmedia":[{"embeddable":true,"href":"https:\/\/prensapresidencialvenezuela.gob.ve\/index.php\/wp-json\/wp\/v2\/media\/5651"}],"wp:attachment":[{"href":"https:\/\/prensapresidencialvenezuela.gob.ve\/index.php\/wp-json\/wp\/v2\/media?parent=5650"}],"wp:term":[{"taxonomy":"category","embeddable":true,"href":"https:\/\/prensapresidencialvenezuela.gob.ve\/index.php\/wp-json\/wp\/v2\/categories?post=5650"},{"taxonomy":"post_tag","embeddable":true,"href":"https:\/\/prensapresidencialvenezuela.gob.ve\/index.php\/wp-json\/wp\/v2\/tags?post=5650"}],"curies":[{"name":"wp","href":"https:\/\/api.w.org\/{rel}","templated":true}]}}