{"id":5660,"date":"2023-06-12T22:41:00","date_gmt":"2023-06-12T22:41:00","guid":{"rendered":"http:\/\/172.27.0.121\/?p=5660"},"modified":"2023-06-19T22:46:24","modified_gmt":"2023-06-19T22:46:24","slug":"presidencialven-en-linea-no-8","status":"publish","type":"post","link":"https:\/\/prensapresidencialvenezuela.gob.ve\/index.php\/2023\/06\/12\/presidencialven-en-linea-no-8\/","title":{"rendered":"PresidencialVen en L\u00ednea | N\u00ba 8"},"content":{"rendered":"\n<p>La Rep\u00fablica Bolivariana de Venezuela y la Fiscal\u00eda de la Corte Penal Internacional acordaron establecer una oficina en el territorio nacional para apoyar la colaboraci\u00f3n con las autoridades venezolanas y la facilitaci\u00f3n de asistencia t\u00e9cnica. Ent\u00e9rate de esta y otras noticias en el reciente episodio de PresidencialVen en L\u00ednea.<\/p>\n\n\n\n<figure class=\"wp-block-audio\"><audio controls src=\"blob:https:\/\/prensapresidencialvenezuela.gob.ve\/8c94e202-3ccc-4263-804f-e51851f2a360\"><\/audio><\/figure>\n","protected":false},"excerpt":{"rendered":"<p>La Rep\u00fablica Bolivariana de Venezuela y la Fiscal\u00eda de la Corte Penal Internacional acordaron establecer una oficina en el territorio nacional para apoyar la colaboraci\u00f3n con las autoridades venezolanas y la facilitaci\u00f3n de asistencia t\u00e9cnica. Ent\u00e9rate de esta y otras noticias en el reciente episodio de PresidencialVen en L\u00ednea.<\/p>\n","protected":false},"author":6,"featured_media":5456,"comment_status":"open","ping_status":"open","sticky":false,"template":"","format":"standard","meta":{"footnotes":""},"categories":[3],"tags":[],"class_list":["post-5660","post","type-post","status-publish","format-standard","has-post-thumbnail","hentry","category-contenido-de-audios"],"_links":{"self":[{"href":"https:\/\/prensapresidencialvenezuela.gob.ve\/index.php\/wp-json\/wp\/v2\/posts\/5660","targetHints":{"allow":["GET"]}}],"collection":[{"href":"https:\/\/prensapresidencialvenezuela.gob.ve\/index.php\/wp-json\/wp\/v2\/posts"}],"about":[{"href":"https:\/\/prensapresidencialvenezuela.gob.ve\/index.php\/wp-json\/wp\/v2\/types\/post"}],"author":[{"embeddable":true,"href":"https:\/\/prensapresidencialvenezuela.gob.ve\/index.php\/wp-json\/wp\/v2\/users\/6"}],"replies":[{"embeddable":true,"href":"https:\/\/prensapresidencialvenezuela.gob.ve\/index.php\/wp-json\/wp\/v2\/comments?post=5660"}],"version-history":[{"count":1,"href":"https:\/\/prensapresidencialvenezuela.gob.ve\/index.php\/wp-json\/wp\/v2\/posts\/5660\/revisions"}],"predecessor-version":[{"id":5661,"href":"https:\/\/prensapresidencialvenezuela.gob.ve\/index.php\/wp-json\/wp\/v2\/posts\/5660\/revisions\/5661"}],"wp:featuredmedia":[{"embeddable":true,"href":"https:\/\/prensapresidencialvenezuela.gob.ve\/index.php\/wp-json\/wp\/v2\/media\/5456"}],"wp:attachment":[{"href":"https:\/\/prensapresidencialvenezuela.gob.ve\/index.php\/wp-json\/wp\/v2\/media?parent=5660"}],"wp:term":[{"taxonomy":"category","embeddable":true,"href":"https:\/\/prensapresidencialvenezuela.gob.ve\/index.php\/wp-json\/wp\/v2\/categories?post=5660"},{"taxonomy":"post_tag","embeddable":true,"href":"https:\/\/prensapresidencialvenezuela.gob.ve\/index.php\/wp-json\/wp\/v2\/tags?post=5660"}],"curies":[{"name":"wp","href":"https:\/\/api.w.org\/{rel}","templated":true}]}}