{"id":5663,"date":"2023-06-19T10:48:00","date_gmt":"2023-06-19T10:48:00","guid":{"rendered":"http:\/\/172.27.0.121\/?p=5663"},"modified":"2023-06-19T22:52:04","modified_gmt":"2023-06-19T22:52:04","slug":"presidencialven-en-linea-no-9","status":"publish","type":"post","link":"https:\/\/prensapresidencialvenezuela.gob.ve\/index.php\/2023\/06\/19\/presidencialven-en-linea-no-9\/","title":{"rendered":"PresidencialVen en L\u00ednea | N\u00ba 9"},"content":{"rendered":"\n<p>Venezuela rechaza las declaraciones del expresidente estadounidense Donald Trump sobre su intenci\u00f3n de \u00abconseguir\u00bb todo el petr\u00f3leo de la naci\u00f3n suramericana durante su gesti\u00f3n. Esto y m\u00e1s en este episodio de PresidencialVen en L\u00ednea.<\/p>\n\n\n\n<figure class=\"wp-block-audio\"><audio controls src=\"blob:https:\/\/prensapresidencialvenezuela.gob.ve\/65324b9e-6bd4-4683-95f1-54d49304690e\"><\/audio><\/figure>\n\n\n\n<p><\/p>\n","protected":false},"excerpt":{"rendered":"<p>Venezuela rechaza las declaraciones del expresidente estadounidense Donald Trump sobre su intenci\u00f3n de \u00abconseguir\u00bb todo el petr\u00f3leo de la naci\u00f3n suramericana durante su gesti\u00f3n. Esto y m\u00e1s en este episodio de PresidencialVen en L\u00ednea.<\/p>\n","protected":false},"author":6,"featured_media":5456,"comment_status":"open","ping_status":"open","sticky":false,"template":"","format":"standard","meta":{"footnotes":""},"categories":[3],"tags":[],"class_list":["post-5663","post","type-post","status-publish","format-standard","has-post-thumbnail","hentry","category-contenido-de-audios"],"_links":{"self":[{"href":"https:\/\/prensapresidencialvenezuela.gob.ve\/index.php\/wp-json\/wp\/v2\/posts\/5663","targetHints":{"allow":["GET"]}}],"collection":[{"href":"https:\/\/prensapresidencialvenezuela.gob.ve\/index.php\/wp-json\/wp\/v2\/posts"}],"about":[{"href":"https:\/\/prensapresidencialvenezuela.gob.ve\/index.php\/wp-json\/wp\/v2\/types\/post"}],"author":[{"embeddable":true,"href":"https:\/\/prensapresidencialvenezuela.gob.ve\/index.php\/wp-json\/wp\/v2\/users\/6"}],"replies":[{"embeddable":true,"href":"https:\/\/prensapresidencialvenezuela.gob.ve\/index.php\/wp-json\/wp\/v2\/comments?post=5663"}],"version-history":[{"count":3,"href":"https:\/\/prensapresidencialvenezuela.gob.ve\/index.php\/wp-json\/wp\/v2\/posts\/5663\/revisions"}],"predecessor-version":[{"id":5668,"href":"https:\/\/prensapresidencialvenezuela.gob.ve\/index.php\/wp-json\/wp\/v2\/posts\/5663\/revisions\/5668"}],"wp:featuredmedia":[{"embeddable":true,"href":"https:\/\/prensapresidencialvenezuela.gob.ve\/index.php\/wp-json\/wp\/v2\/media\/5456"}],"wp:attachment":[{"href":"https:\/\/prensapresidencialvenezuela.gob.ve\/index.php\/wp-json\/wp\/v2\/media?parent=5663"}],"wp:term":[{"taxonomy":"category","embeddable":true,"href":"https:\/\/prensapresidencialvenezuela.gob.ve\/index.php\/wp-json\/wp\/v2\/categories?post=5663"},{"taxonomy":"post_tag","embeddable":true,"href":"https:\/\/prensapresidencialvenezuela.gob.ve\/index.php\/wp-json\/wp\/v2\/tags?post=5663"}],"curies":[{"name":"wp","href":"https:\/\/api.w.org\/{rel}","templated":true}]}}