{"id":5709,"date":"2023-06-23T00:52:00","date_gmt":"2023-06-23T00:52:00","guid":{"rendered":"http:\/\/172.27.0.121\/?p=5709"},"modified":"2023-06-23T00:52:00","modified_gmt":"2023-06-23T00:52:00","slug":"presidente-maduro-exige-respeto-a-los-procesos-productivos-del-pais","status":"publish","type":"post","link":"https:\/\/prensapresidencialvenezuela.gob.ve\/index.php\/2023\/06\/23\/presidente-maduro-exige-respeto-a-los-procesos-productivos-del-pais\/","title":{"rendered":"Presidente Maduro exige respeto a los procesos productivos del pa\u00eds"},"content":{"rendered":"\n<p><strong>Palacio de Miraflores, Caracas. \u2013&nbsp;<\/strong>El presidente de laRep\u00fablica Bolivariana de Venezuela, Nicol\u00e1s Maduro Moros, exigi\u00f3 este jueves respeto a los procesos productivos del pa\u00eds ante los intentos de perturbar la producci\u00f3n nacional como parte de una \u00abguerra sucia\u00bb.<\/p>\n\n\n\n<p>\u00abQue nadie se plante a tratar de sabotear, de manchar los procesos productivos del pa\u00eds. No hay que meter en la batalla electoral, en la politiquer\u00eda, en la guerra sucia otra vez los procesos productivos. Pido respeto y que los procesos productivos se enmarquen en la econom\u00eda que necesitamos, en el trabajo y esfuerzo diario que necesitamos\u00bb, asever\u00f3 desde el Palacio de Miraflores, ubicado en Caracas.<\/p>\n\n\n\n<p>Durante una jornada de trabajo productivo dedicada a mostrar los avances del sector agropecuario, el jefe de Estado llam\u00f3 al pueblo a no dejarse enga\u00f1ar por aquellos que pretenden generar desestabilizaci\u00f3n en los procesos productivos a trav\u00e9s de la manipulaci\u00f3n.<\/p>\n\n\n\n<p>\u00abQue nadie trate de darle un giro conspirativo o manipulador a los procesos productivos del pa\u00eds. No se dejen muchachos, muchachas, productores y productoras, campesinos y campesinas, empresarios y empresarias, no se dejen desviar del camino correcto\u201d, convoc\u00f3.<\/p>\n\n\n\n<p>El Dignatario advirti\u00f3 que existen sectores que est\u00e1n tratando de reavivar la inestabilidad del pasado con el fin de generar escenarios de violencia, sin embargo, puntualiz\u00f3 que&nbsp;el pueblo est\u00e1 consciente de la direcci\u00f3n que transita.<\/p>\n\n\n\n<p>\u201cNo estamos para estar haciendo o\u00eddos a los sembradores de odio, a los que quisieran regresar a los tiempos de guarimbas, a los que pidieron las sanciones (\u2026) Los mismos que andan ahora sembrando odio, divisi\u00f3n y nos quieren llevar otra vez a tiempos de violencia e intolerancia, diles que no, donde los veas diles que no. No m\u00e1s violencia, no m\u00e1s sanciones\u201d, asever\u00f3.<\/p>\n\n\n\n<p>En este sentido, surbay\u00f3 que \u00abVenezuela quiere avanzar por el camino de la uni\u00f3n, trabajo, dedicaci\u00f3n, resultados, crecimiento, de la construcci\u00f3n de una nueva prosperidad econ\u00f3mica\u00bb.<\/p>\n\n\n\n<p><strong>Prensa Presidencial \/ Eduardo Hueck<\/strong><\/p>\n","protected":false},"excerpt":{"rendered":"<p>Palacio de Miraflores, Caracas. \u2013&nbsp;El presidente de laRep\u00fablica Bolivariana de Venezuela, Nicol\u00e1s Maduro Moros, exigi\u00f3 este jueves respeto a los procesos productivos del pa\u00eds ante los intentos de perturbar la producci\u00f3n nacional como parte de una \u00abguerra sucia\u00bb. \u00abQue nadie se plante a tratar de sabotear, de manchar los procesos productivos del pa\u00eds. No hay [&hellip;]<\/p>\n","protected":false},"author":6,"featured_media":5710,"comment_status":"open","ping_status":"open","sticky":false,"template":"","format":"standard","meta":{"footnotes":""},"categories":[18,7],"tags":[],"class_list":["post-5709","post","type-post","status-publish","format-standard","has-post-thumbnail","hentry","category-noticias-principales","category-notas-de-prensa"],"_links":{"self":[{"href":"https:\/\/prensapresidencialvenezuela.gob.ve\/index.php\/wp-json\/wp\/v2\/posts\/5709","targetHints":{"allow":["GET"]}}],"collection":[{"href":"https:\/\/prensapresidencialvenezuela.gob.ve\/index.php\/wp-json\/wp\/v2\/posts"}],"about":[{"href":"https:\/\/prensapresidencialvenezuela.gob.ve\/index.php\/wp-json\/wp\/v2\/types\/post"}],"author":[{"embeddable":true,"href":"https:\/\/prensapresidencialvenezuela.gob.ve\/index.php\/wp-json\/wp\/v2\/users\/6"}],"replies":[{"embeddable":true,"href":"https:\/\/prensapresidencialvenezuela.gob.ve\/index.php\/wp-json\/wp\/v2\/comments?post=5709"}],"version-history":[{"count":1,"href":"https:\/\/prensapresidencialvenezuela.gob.ve\/index.php\/wp-json\/wp\/v2\/posts\/5709\/revisions"}],"predecessor-version":[{"id":5711,"href":"https:\/\/prensapresidencialvenezuela.gob.ve\/index.php\/wp-json\/wp\/v2\/posts\/5709\/revisions\/5711"}],"wp:featuredmedia":[{"embeddable":true,"href":"https:\/\/prensapresidencialvenezuela.gob.ve\/index.php\/wp-json\/wp\/v2\/media\/5710"}],"wp:attachment":[{"href":"https:\/\/prensapresidencialvenezuela.gob.ve\/index.php\/wp-json\/wp\/v2\/media?parent=5709"}],"wp:term":[{"taxonomy":"category","embeddable":true,"href":"https:\/\/prensapresidencialvenezuela.gob.ve\/index.php\/wp-json\/wp\/v2\/categories?post=5709"},{"taxonomy":"post_tag","embeddable":true,"href":"https:\/\/prensapresidencialvenezuela.gob.ve\/index.php\/wp-json\/wp\/v2\/tags?post=5709"}],"curies":[{"name":"wp","href":"https:\/\/api.w.org\/{rel}","templated":true}]}}