{"id":5721,"date":"2023-06-23T00:56:46","date_gmt":"2023-06-23T00:56:46","guid":{"rendered":"http:\/\/172.27.0.121\/?p=5721"},"modified":"2023-06-23T00:56:46","modified_gmt":"2023-06-23T00:56:46","slug":"realizaran-jornada-para-bancarizar-a-los-campesinos-y-productores-del-pais","status":"publish","type":"post","link":"https:\/\/prensapresidencialvenezuela.gob.ve\/index.php\/2023\/06\/23\/realizaran-jornada-para-bancarizar-a-los-campesinos-y-productores-del-pais\/","title":{"rendered":"Realizar\u00e1n jornada para bancarizar a los campesinos y productores del pa\u00eds"},"content":{"rendered":"\n<p><strong>Palacio de Miraflores, Caracas. \u2013&nbsp;<\/strong>Una jornada especial con la banca p\u00fablica para bancarizar en un 100 % a los campesinos y productores del pa\u00eds, anunci\u00f3 el presidente de la Rep\u00fablica Bolivariana de Venezuela, Nicol\u00e1s Maduro, al convocar a la banca p\u00fablica a sumarse en su despliegue.<\/p>\n\n\n\n<p>\u201cVamos a desarrollar una jornada especial con la banca p\u00fablica y le pido a la banca privada se sume, y al poder campesino y los productores para el 100% de bancarizaci\u00f3n\u201d, enfatiz\u00f3 en la jornada de trabajo productivo dedicada a mostrar los avances del sector agropecuario, realizada en el Palacio de Miraflores, ubicado en Caracas.<\/p>\n\n\n\n<p>Indic\u00f3 que el fin es llevar al 100% de bancarizaci\u00f3n a todos los productores y campesinos del campo venezolano para \u201cfacilitar las transacciones a trav\u00e9s de un tel\u00e9fono, una tarjeta, los pagos, los cobros, facilitarle la vida\u201d.<\/p>\n\n\n\n<p>Explic\u00f3 que este trabajo debe ser adelantado en coordinaci\u00f3n con \u201cnuestros gobernadores, gobernadoras, alcaldes, alcaldesas, las fuerzas sociales activamente organizadas. Estamos en articulaci\u00f3n permanente\u201d, dijo respecto al financiamiento y sistemas de pagos y la bancarizaci\u00f3n de los peque\u00f1os productores del pa\u00eds.<\/p>\n\n\n\n<p><strong>Prensa Presidencial \/ Ana\u00eds P\u00e9rez<\/strong><\/p>\n","protected":false},"excerpt":{"rendered":"<p>Palacio de Miraflores, Caracas. \u2013&nbsp;Una jornada especial con la banca p\u00fablica para bancarizar en un 100 % a los campesinos y productores del pa\u00eds, anunci\u00f3 el presidente de la Rep\u00fablica Bolivariana de Venezuela, Nicol\u00e1s Maduro, al convocar a la banca p\u00fablica a sumarse en su despliegue. \u201cVamos a desarrollar una jornada especial con la banca [&hellip;]<\/p>\n","protected":false},"author":6,"featured_media":5722,"comment_status":"open","ping_status":"open","sticky":false,"template":"","format":"standard","meta":{"footnotes":""},"categories":[18,7],"tags":[],"class_list":["post-5721","post","type-post","status-publish","format-standard","has-post-thumbnail","hentry","category-noticias-principales","category-notas-de-prensa"],"_links":{"self":[{"href":"https:\/\/prensapresidencialvenezuela.gob.ve\/index.php\/wp-json\/wp\/v2\/posts\/5721","targetHints":{"allow":["GET"]}}],"collection":[{"href":"https:\/\/prensapresidencialvenezuela.gob.ve\/index.php\/wp-json\/wp\/v2\/posts"}],"about":[{"href":"https:\/\/prensapresidencialvenezuela.gob.ve\/index.php\/wp-json\/wp\/v2\/types\/post"}],"author":[{"embeddable":true,"href":"https:\/\/prensapresidencialvenezuela.gob.ve\/index.php\/wp-json\/wp\/v2\/users\/6"}],"replies":[{"embeddable":true,"href":"https:\/\/prensapresidencialvenezuela.gob.ve\/index.php\/wp-json\/wp\/v2\/comments?post=5721"}],"version-history":[{"count":1,"href":"https:\/\/prensapresidencialvenezuela.gob.ve\/index.php\/wp-json\/wp\/v2\/posts\/5721\/revisions"}],"predecessor-version":[{"id":5723,"href":"https:\/\/prensapresidencialvenezuela.gob.ve\/index.php\/wp-json\/wp\/v2\/posts\/5721\/revisions\/5723"}],"wp:featuredmedia":[{"embeddable":true,"href":"https:\/\/prensapresidencialvenezuela.gob.ve\/index.php\/wp-json\/wp\/v2\/media\/5722"}],"wp:attachment":[{"href":"https:\/\/prensapresidencialvenezuela.gob.ve\/index.php\/wp-json\/wp\/v2\/media?parent=5721"}],"wp:term":[{"taxonomy":"category","embeddable":true,"href":"https:\/\/prensapresidencialvenezuela.gob.ve\/index.php\/wp-json\/wp\/v2\/categories?post=5721"},{"taxonomy":"post_tag","embeddable":true,"href":"https:\/\/prensapresidencialvenezuela.gob.ve\/index.php\/wp-json\/wp\/v2\/tags?post=5721"}],"curies":[{"name":"wp","href":"https:\/\/api.w.org\/{rel}","templated":true}]}}