{"id":5751,"date":"2023-06-25T00:48:46","date_gmt":"2023-06-25T00:48:46","guid":{"rendered":"http:\/\/172.27.0.121\/?p=5751"},"modified":"2023-06-25T00:48:46","modified_gmt":"2023-06-25T00:48:46","slug":"doctrina-antioligarquica-clave-de-la-resistencia-frente-a-la-agresion-imperialista","status":"publish","type":"post","link":"https:\/\/prensapresidencialvenezuela.gob.ve\/index.php\/2023\/06\/25\/doctrina-antioligarquica-clave-de-la-resistencia-frente-a-la-agresion-imperialista\/","title":{"rendered":"Doctrina antiolig\u00e1rquica, clave de la resistencia frente a la agresi\u00f3n imperialista"},"content":{"rendered":"\n<p><strong>Campo de Carabobo, estado Carabobo. \u2013&nbsp;<\/strong>En el acto de conmemoraci\u00f3n del 202\u00b0 aniversario de la heroica batalla que sellara la Independencia de Venezuela el 24 de junio de 1821, as\u00ed como el D\u00eda del Ej\u00e9rcito Bolivariano, el presidente de la Rep\u00fablica Bolivariana de Venezuela y comandante en jefe de la Fuerza Armada Nacional Bolivariana (FANB), Nicol\u00e1s Maduro, subray\u00f3 que la doctrina antiolig\u00e1rquica ha sido la clave en la resistencia frente a la agresi\u00f3n del imperio norteamericano.<\/p>\n\n\n\n<p>A los presentes en el Campo de Carabobo, ubicado en el estaado Carabobo, exhort\u00f3 a que nadie se equivoque porque \u201cesa es la doctrina de nuestra Fuerza Armada Nacional Bolivariana, la doctrina revolucionaria, antiolig\u00e1rquica, antiimperialista, la doctrina del pueblo en armas, s\u00f3lida doctrina para alimentar el conocimiento, para llenar de moral a nuestros soldados y soldadas, la moral combativa que es la que al final define cualquier combate, cualquier conflicto, cualquier guerra\u201d.<\/p>\n\n\n\n<p>Record\u00f3 el concepto estrat\u00e9gico de la guerra de todo el pueblo de la Revoluci\u00f3n Bolivariana y el \u201cM\u00e9todo T\u00e1ctico de Resistencia Revolucionaria que ha venido, paso a paso, a\u00f1o a a\u00f1o, siendo asumido con gran capacidad, sabidur\u00eda en la teor\u00eda, en la planificaci\u00f3n, en la pr\u00e1ctica y en la t\u00e1ctica, para desplegar esta inmensa fuerza\u201d.<\/p>\n\n\n\n<p>Es \u201cla fuerza heredera de las glorias de los libertadores de Am\u00e9rica para sustentar la batalla de resistencia nacional, victoriosa que ha llevado adelante nuestro pueblo en estos a\u00f1os de agresi\u00f3n criminal del imperio norteamericano y de sus aliados, tambi\u00e9n criminales de la derecha regional\u201d, subray\u00f3.<\/p>\n\n\n\n<p>El jefe de Estado venezolano tambi\u00e9n reiter\u00f3 su emoci\u00f3n por el Ej\u00e9rcito Bolivariano, por los soldados y soldadas \u201ca 202 a\u00f1os de aquella de aquella Campa\u00f1a dirigida por nuestro Libertador Sim\u00f3n Bol\u00edvar en este campo que nos dio la victoria frente al imperio espa\u00f1ol, luego de 300 a\u00f1os de colonialismo, de opresi\u00f3n, de saqueo, sobre estos pueblos de Nuestra Am\u00e9rica\u201d.<\/p>\n\n\n\n<p>Adem\u00e1s, extendi\u00f3 felicitaciones especiales al Mayor General F\u00e9lix Osorio, Comandante General del Ej\u00e9rcito Bolivariano \u201cpor el extraordinario discurso escrito y le\u00eddo desde el alma, lleno de una doctrina, de un concepto muy claro que viene de Bol\u00edvar, que viene del Comandante Ch\u00e1vez, nuestra doctrina militar para el siglo XXI y para los siglos que vienen est\u00e1n en la ra\u00edz de Bol\u00edvar, de Antonio Jos\u00e9 de Sucre, de Rafael Urdaneta, del Negro Primero y su ejemplo, y del comandante Hugo Ch\u00e1vez\u201d.<\/p>\n\n\n\n<p><strong>Prensa Presidencial \/ Ana\u00eds P\u00e9rez<\/strong><\/p>\n","protected":false},"excerpt":{"rendered":"<p>Campo de Carabobo, estado Carabobo. \u2013&nbsp;En el acto de conmemoraci\u00f3n del 202\u00b0 aniversario de la heroica batalla que sellara la Independencia de Venezuela el 24 de junio de 1821, as\u00ed como el D\u00eda del Ej\u00e9rcito Bolivariano, el presidente de la Rep\u00fablica Bolivariana de Venezuela y comandante en jefe de la Fuerza Armada Nacional Bolivariana (FANB), [&hellip;]<\/p>\n","protected":false},"author":6,"featured_media":5752,"comment_status":"open","ping_status":"open","sticky":false,"template":"","format":"standard","meta":{"footnotes":""},"categories":[18,7],"tags":[],"class_list":["post-5751","post","type-post","status-publish","format-standard","has-post-thumbnail","hentry","category-noticias-principales","category-notas-de-prensa"],"_links":{"self":[{"href":"https:\/\/prensapresidencialvenezuela.gob.ve\/index.php\/wp-json\/wp\/v2\/posts\/5751","targetHints":{"allow":["GET"]}}],"collection":[{"href":"https:\/\/prensapresidencialvenezuela.gob.ve\/index.php\/wp-json\/wp\/v2\/posts"}],"about":[{"href":"https:\/\/prensapresidencialvenezuela.gob.ve\/index.php\/wp-json\/wp\/v2\/types\/post"}],"author":[{"embeddable":true,"href":"https:\/\/prensapresidencialvenezuela.gob.ve\/index.php\/wp-json\/wp\/v2\/users\/6"}],"replies":[{"embeddable":true,"href":"https:\/\/prensapresidencialvenezuela.gob.ve\/index.php\/wp-json\/wp\/v2\/comments?post=5751"}],"version-history":[{"count":1,"href":"https:\/\/prensapresidencialvenezuela.gob.ve\/index.php\/wp-json\/wp\/v2\/posts\/5751\/revisions"}],"predecessor-version":[{"id":5753,"href":"https:\/\/prensapresidencialvenezuela.gob.ve\/index.php\/wp-json\/wp\/v2\/posts\/5751\/revisions\/5753"}],"wp:featuredmedia":[{"embeddable":true,"href":"https:\/\/prensapresidencialvenezuela.gob.ve\/index.php\/wp-json\/wp\/v2\/media\/5752"}],"wp:attachment":[{"href":"https:\/\/prensapresidencialvenezuela.gob.ve\/index.php\/wp-json\/wp\/v2\/media?parent=5751"}],"wp:term":[{"taxonomy":"category","embeddable":true,"href":"https:\/\/prensapresidencialvenezuela.gob.ve\/index.php\/wp-json\/wp\/v2\/categories?post=5751"},{"taxonomy":"post_tag","embeddable":true,"href":"https:\/\/prensapresidencialvenezuela.gob.ve\/index.php\/wp-json\/wp\/v2\/tags?post=5751"}],"curies":[{"name":"wp","href":"https:\/\/api.w.org\/{rel}","templated":true}]}}