{"id":5754,"date":"2023-06-25T00:49:55","date_gmt":"2023-06-25T00:49:55","guid":{"rendered":"http:\/\/172.27.0.121\/?p=5754"},"modified":"2023-06-25T00:50:39","modified_gmt":"2023-06-25T00:50:39","slug":"union-perfecta-civico-militar-ha-sido-vital-para-la-revolucion-bolivariana","status":"publish","type":"post","link":"https:\/\/prensapresidencialvenezuela.gob.ve\/index.php\/2023\/06\/25\/union-perfecta-civico-militar-ha-sido-vital-para-la-revolucion-bolivariana\/","title":{"rendered":"Uni\u00f3n perfecta c\u00edvico-militar ha sido vital para la Revoluci\u00f3n Bolivariana"},"content":{"rendered":"\n<p><strong>Campo de Carabobo, estado Carabobo. \u2013<\/strong>La uni\u00f3n perfecta c\u00edvico-militar ha sido vital para la Revoluci\u00f3n Bolivariana, enfatiz\u00f3 el presidente de la Rep\u00fablica Bolivariana de Venezuela y Comandante en jefe de la Fuerza Armada Nacional Bolivariana (FANB), Nicol\u00e1s Maduro.<\/p>\n\n\n\n<p>En el acto de conmemoraci\u00f3n del 202\u00b0 aniversario de la heroica batalla que sellara la Independencia de Venezuela el 24 de junio de 1821, as\u00ed como el D\u00eda del Ej\u00e9rcito Bolivariano, el jefe de Estado venezolano precis\u00f3 que esta fue una de las consideraciones que comparti\u00f3 en una hist\u00f3rica entrevista que ofreci\u00f3 este viernes (23 de junio de 2023) al expresidente de Ecuador, Rafael Correa, para su programa \u201cConversando con Correa\u201d.<\/p>\n\n\n\n<p>\u201cAyer me hizo una entrevista hist\u00f3rica para un programa especial que est\u00e1 preparando el expresidente de Ecuador, Rafael Correa, Conversando con Correa y me preguntaba: Presidente, \u00bfCu\u00e1l es la clave de la resistencia, de la fortaleza y de las victorias del pueblo venezolano? Quiz\u00e1s, me dec\u00eda \u00e9l (Correa) si a otro pa\u00eds le hubieran hecho lo que le hicieron a Venezuela, no hubieran aguantado ni seis meses, hubieran colapsado y destruido a ese pa\u00eds, lo hubieran tomado. \u00bfCu\u00e1l es la fortaleza?, \u00bfCu\u00e1l es el secreto?\u201d, repas\u00f3 el presidente Maduro como parte de este encuentro para el programa especial.<\/p>\n\n\n\n<p>Comparti\u00f3 su respuesta con los presentes, pormenorizando: \u201cLe dije el secreto est\u00e1 en la historia bolivariana de nuestra patria, el secreto est\u00e1 en la moral de la Fuerza Armada Nacional Bolivariana, en su doctrina, y el secreto est\u00e1 en la uni\u00f3n perfecta que hemos logrado entre pueblo y Fuerza Armada Nacional Bolivariana: La uni\u00f3n perfecta c\u00edvico-militar, para el siglo XXI y m\u00e1s\u201d.<\/p>\n\n\n\n<p>Se\u00f1al\u00f3, precisamente, que \u201call\u00ed es donde debemos nosotros fortalecer, general Padrino (Vladimir Padrino L\u00f3pez), general Hern\u00e1ndez L\u00e1rez (Domingo Antonio Hern\u00e1ndez L\u00e1rez), mayores generales, generales, almirantes, comandantes de los componentes, comandantes de las REDI, comandante de las ZODI, comandantes de las unidades militares, ah\u00ed es donde debemos poner el acento para construir lo que hay que construir de aqu\u00ed en adelante\u201d.<\/p>\n\n\n\n<p>Valor\u00f3 lo hecho hasta el momento, por haber dejado un gran aprendizaje, grandes ense\u00f1anzas y poner a prueba la doctrina bolivariana y lo exitoso de la misma, dando como resultado a la uni\u00f3n c\u00edvico-militar perfecta, sin embargo, -dijo \u2013 \u201clo m\u00e1s importante y lo m\u00e1s grande est\u00e1 por construirse, est\u00e1 por hacerse y nosotros tenemos que darle y verle la cara al futuro\u201d.<\/p>\n\n\n\n<p>\u201cNuestro pueblo espera por todo lo que hagamos para garantizar un futuro de nueva prosperidad, de bienestar, de paz, de independencia y de soberan\u00eda garantizada para la Rep\u00fablica Bolivariana de Venezuela\u201d, subray\u00f3.<\/p>\n\n\n\n<p><strong>Prensa Presidencial \/ Ana\u00eds P\u00e9rez<\/strong><\/p>\n","protected":false},"excerpt":{"rendered":"<p>Campo de Carabobo, estado Carabobo. \u2013La uni\u00f3n perfecta c\u00edvico-militar ha sido vital para la Revoluci\u00f3n Bolivariana, enfatiz\u00f3 el presidente de la Rep\u00fablica Bolivariana de Venezuela y Comandante en jefe de la Fuerza Armada Nacional Bolivariana (FANB), Nicol\u00e1s Maduro. En el acto de conmemoraci\u00f3n del 202\u00b0 aniversario de la heroica batalla que sellara la Independencia de [&hellip;]<\/p>\n","protected":false},"author":6,"featured_media":5755,"comment_status":"open","ping_status":"open","sticky":false,"template":"","format":"standard","meta":{"footnotes":""},"categories":[18,7],"tags":[],"class_list":["post-5754","post","type-post","status-publish","format-standard","has-post-thumbnail","hentry","category-noticias-principales","category-notas-de-prensa"],"_links":{"self":[{"href":"https:\/\/prensapresidencialvenezuela.gob.ve\/index.php\/wp-json\/wp\/v2\/posts\/5754","targetHints":{"allow":["GET"]}}],"collection":[{"href":"https:\/\/prensapresidencialvenezuela.gob.ve\/index.php\/wp-json\/wp\/v2\/posts"}],"about":[{"href":"https:\/\/prensapresidencialvenezuela.gob.ve\/index.php\/wp-json\/wp\/v2\/types\/post"}],"author":[{"embeddable":true,"href":"https:\/\/prensapresidencialvenezuela.gob.ve\/index.php\/wp-json\/wp\/v2\/users\/6"}],"replies":[{"embeddable":true,"href":"https:\/\/prensapresidencialvenezuela.gob.ve\/index.php\/wp-json\/wp\/v2\/comments?post=5754"}],"version-history":[{"count":1,"href":"https:\/\/prensapresidencialvenezuela.gob.ve\/index.php\/wp-json\/wp\/v2\/posts\/5754\/revisions"}],"predecessor-version":[{"id":5756,"href":"https:\/\/prensapresidencialvenezuela.gob.ve\/index.php\/wp-json\/wp\/v2\/posts\/5754\/revisions\/5756"}],"wp:featuredmedia":[{"embeddable":true,"href":"https:\/\/prensapresidencialvenezuela.gob.ve\/index.php\/wp-json\/wp\/v2\/media\/5755"}],"wp:attachment":[{"href":"https:\/\/prensapresidencialvenezuela.gob.ve\/index.php\/wp-json\/wp\/v2\/media?parent=5754"}],"wp:term":[{"taxonomy":"category","embeddable":true,"href":"https:\/\/prensapresidencialvenezuela.gob.ve\/index.php\/wp-json\/wp\/v2\/categories?post=5754"},{"taxonomy":"post_tag","embeddable":true,"href":"https:\/\/prensapresidencialvenezuela.gob.ve\/index.php\/wp-json\/wp\/v2\/tags?post=5754"}],"curies":[{"name":"wp","href":"https:\/\/api.w.org\/{rel}","templated":true}]}}