{"id":5757,"date":"2023-06-25T00:53:38","date_gmt":"2023-06-25T00:53:38","guid":{"rendered":"http:\/\/172.27.0.121\/?p=5757"},"modified":"2023-06-25T00:53:38","modified_gmt":"2023-06-25T00:53:38","slug":"presidente-llamo-a-la-juventud-militar-a-mantener-compromiso-inquebrantable","status":"publish","type":"post","link":"https:\/\/prensapresidencialvenezuela.gob.ve\/index.php\/2023\/06\/25\/presidente-llamo-a-la-juventud-militar-a-mantener-compromiso-inquebrantable\/","title":{"rendered":"Presidente llam\u00f3 a la juventud militar a mantener compromiso inquebrantable"},"content":{"rendered":"\n<p><strong>Campo de Carabobo, estado Carabobo. \u2013<\/strong>A la juventud militar presente en el acto de conmemoraci\u00f3n del 202\u00b0 aniversario de la heroica batalla que sellara la Independencia de Venezuela el 24 de junio de 1821, as\u00ed como el D\u00eda del Ej\u00e9rcito Bolivariano, el presidente de la Rep\u00fablica, Nicol\u00e1s Maduro, llam\u00f3 al compromiso inquebrantable.<\/p>\n\n\n\n<p>\u201cCompromet\u00e1monos juventud militar con el futuro de Venezuela, ve\u00e1mosle la cara, que el futuro ser\u00e1 m\u00e1s grande que todas las batallas y de todas las victorias que aqu\u00ed se hayan dado en 200 a\u00f1os\u201d, enfatiz\u00f3.<\/p>\n\n\n\n<p>No dud\u00f3 en expresar que a Venezuela le espera un futuro de grandeza, de nueva prosperidad, de independencia garantizada en cada palmo de territorio. \u201cDebemos siempre pensar qu\u00e9 m\u00e1s puedo hacer para la m\u00e1xima felicidad del pueblo, les corresponde a ustedes pensar qu\u00e9 m\u00e1s pueden hacer para garantizar la integridad territorial, la seguridad de la Rep\u00fablica, la paz y si alg\u00fan d\u00eda que no quisi\u00e9ramos jam\u00e1s, pero si alg\u00fan d\u00eda nos tocara enfrentar alguna agresi\u00f3n del brazo extranjero imperial, le podamos partir los dientes a la agresi\u00f3n imperialista con la resistencia popular, la resistencia militar del pueblo de Venezuela. Garantizar esa resistencia, garantizar esa batalla, garantizar esas victorias, si alg\u00fan nos tocara\u201d, insisti\u00f3.<\/p>\n\n\n\n<p>Record\u00f3 en sus palabras que en \u201ceste mundo nadie respeta a los cobardes, a los d\u00e9biles, traidores, hip\u00f3critas, farsantes y mentirosos, en este mundo del siglo XXI, solo se respetan a los que combaten con valent\u00eda, dan la cara, dicen las verdades, a los que acompa\u00f1an al pueblo y no le fallan, a los que no se acobardan y no traicionan\u201d.<\/p>\n\n\n\n<p>En alusi\u00f3n a ello dijo ser testigo de c\u00f3mo \u201crespetan a nuestra patria Venezuela en el mundo entero, lo he visto en los ojos del pueblo, en las calles de Suram\u00e9rica y el mundo, lo he visto en los ojos de reyes, presidentes, mandatarios del mundo, el respeto gigantesco e infinito por lo que Venezuela ha hecho y c\u00f3mo hemos sentado en su lugar al imperialismo yanqui, c\u00f3mo hemos hecho respetar a la historia de nuestra Patria\u201d.<\/p>\n\n\n\n<p>Enfatiz\u00f3 que para lograr ese escenario ha sido fundamental y ser\u00e1 esencial tener una Fuerza Armada Nacional Bolivariana (FANB) firme, cohesionada, unida, preparada y siempre lista para el combate \u201cd\u00f3nde nos toque, cu\u00e1ndo nos toque y c\u00f3mo nos toque\u201d.<\/p>\n\n\n\n<p>\u201cSiempre lista para defender la tierra, al pueblo, las riquezas naturales de Venezuela, para ir con las Bricomiles a hacer patria y recuperar las escuelas, liceos y ambulatorios\u201d, dijo al&nbsp; saludar al cuerpo acreditado en el pa\u00eds y ratificar: \u201cAqu\u00ed est\u00e1n las manos de Venezuela extendidas para la paz, cooperaci\u00f3n, solidaridad, el amor\u201d.<\/p>\n\n\n\n<p><strong>Prensa Presidencial \/ Ana\u00eds P\u00e9rez<\/strong><\/p>\n","protected":false},"excerpt":{"rendered":"<p>Campo de Carabobo, estado Carabobo. \u2013A la juventud militar presente en el acto de conmemoraci\u00f3n del 202\u00b0 aniversario de la heroica batalla que sellara la Independencia de Venezuela el 24 de junio de 1821, as\u00ed como el D\u00eda del Ej\u00e9rcito Bolivariano, el presidente de la Rep\u00fablica, Nicol\u00e1s Maduro, llam\u00f3 al compromiso inquebrantable. \u201cCompromet\u00e1monos juventud militar [&hellip;]<\/p>\n","protected":false},"author":6,"featured_media":5758,"comment_status":"open","ping_status":"open","sticky":false,"template":"","format":"standard","meta":{"footnotes":""},"categories":[18,7],"tags":[],"class_list":["post-5757","post","type-post","status-publish","format-standard","has-post-thumbnail","hentry","category-noticias-principales","category-notas-de-prensa"],"_links":{"self":[{"href":"https:\/\/prensapresidencialvenezuela.gob.ve\/index.php\/wp-json\/wp\/v2\/posts\/5757","targetHints":{"allow":["GET"]}}],"collection":[{"href":"https:\/\/prensapresidencialvenezuela.gob.ve\/index.php\/wp-json\/wp\/v2\/posts"}],"about":[{"href":"https:\/\/prensapresidencialvenezuela.gob.ve\/index.php\/wp-json\/wp\/v2\/types\/post"}],"author":[{"embeddable":true,"href":"https:\/\/prensapresidencialvenezuela.gob.ve\/index.php\/wp-json\/wp\/v2\/users\/6"}],"replies":[{"embeddable":true,"href":"https:\/\/prensapresidencialvenezuela.gob.ve\/index.php\/wp-json\/wp\/v2\/comments?post=5757"}],"version-history":[{"count":1,"href":"https:\/\/prensapresidencialvenezuela.gob.ve\/index.php\/wp-json\/wp\/v2\/posts\/5757\/revisions"}],"predecessor-version":[{"id":5759,"href":"https:\/\/prensapresidencialvenezuela.gob.ve\/index.php\/wp-json\/wp\/v2\/posts\/5757\/revisions\/5759"}],"wp:featuredmedia":[{"embeddable":true,"href":"https:\/\/prensapresidencialvenezuela.gob.ve\/index.php\/wp-json\/wp\/v2\/media\/5758"}],"wp:attachment":[{"href":"https:\/\/prensapresidencialvenezuela.gob.ve\/index.php\/wp-json\/wp\/v2\/media?parent=5757"}],"wp:term":[{"taxonomy":"category","embeddable":true,"href":"https:\/\/prensapresidencialvenezuela.gob.ve\/index.php\/wp-json\/wp\/v2\/categories?post=5757"},{"taxonomy":"post_tag","embeddable":true,"href":"https:\/\/prensapresidencialvenezuela.gob.ve\/index.php\/wp-json\/wp\/v2\/tags?post=5757"}],"curies":[{"name":"wp","href":"https:\/\/api.w.org\/{rel}","templated":true}]}}